{"id":61179,"date":"2023-05-12T04:00:00","date_gmt":"2023-05-12T04:00:00","guid":{"rendered":"https:\/\/tuavaluo.com\/avaluo\/2023\/05\/12\/las-razones-por-las-que-el-paro-apenas-bajara-en-espana-este-2023\/"},"modified":"2023-05-12T04:00:00","modified_gmt":"2023-05-12T04:00:00","slug":"las-razones-por-las-que-el-paro-apenas-bajara-en-espana-este-2023","status":"publish","type":"post","link":"https:\/\/tuavaluo.com\/avaluo\/2023\/05\/12\/las-razones-por-las-que-el-paro-apenas-bajara-en-espana-este-2023\/","title":{"rendered":"Las razones por las que el paro apenas bajar\u00e1 en Espa\u00f1a este 2023"},"content":{"rendered":"<div class=\"read-more-links\">\n<h5>Noticia relacionada<\/h5>\n<p><a class=\"readMore\" href=\"https:\/\/www.bolsamania.com\/noticias\/economia\/espana-lidera-desempleo-ocde-tasa-128-febrero--12996314.html\" rel=\"noopener noreferrer\" target=\"_blank\" data-id=\"12996314\" rel=\"nofollow\" ><\/p>\n<figure><img class=\"lazy\" title=\"Leer m&#xE1;s\" data-original=\"https:\/\/img2.s3wfg.com\/web\/img\/images_uploaded\/6\/4\/ep_archivo_-_dos_personas_en_la_puerta_de_la_oficina_del_servicio_publico_de_empleo_estatal_sepe_de_20230412135303_285x185.jpg\" data-src=\"https:\/\/img2.s3wfg.com\/web\/img\/images_uploaded\/6\/4\/ep_archivo_-_dos_personas_en_la_puerta_de_la_oficina_del_servicio_publico_de_empleo_estatal_sepe_de_20230412135303_285x185.jpg\" \/><\/figure>\n<p>Espa\u00f1a lidera el desempleo de la OCDE con una tasa del 12,8% en febrero <\/a><\/div>\n<p>\u00abEl mercado laboral espa\u00f1ol se ha recuperado del varapalo de Covid, pero <strong>la recuperaci\u00f3n se ha ralentizado \u00faltimamente<\/strong>\u00ab, comentan estos estrategas, que recuerdan que la tasa de paro espa\u00f1ola se sit\u00faa actualmente en el 12,8%. \u00abEsperamos que disminuya ligeramente en abril, antes de mantenerse estable durante el resto de 2023\u00bb, a\u00f1aden.<\/p>\n<p>Las previsiones que proyectan estos expertos est\u00e1n bastante alejadas de las del propio Gobierno, que en el <a href=\"https:\/\/www.bolsamania.com\/noticias\/economia\/gobierno-mantiene-21-prevision-pib-este-ano--13202108.html\" rel=\"noopener noreferrer\" target=\"_blank\" rel=\"nofollow\" ><strong>Programa de Estabilidad<\/strong><\/a> remitido recientemente a Bruselas apuntaba que en 2023 la tasa de paro cerrar\u00e1 en el 12,2%, para situarse en el 10,9% en 2024, en el 10,3% en 2025 y en el 9,8%, ya por debajo de las dos cifras, en 2026.<\/p>\n<p>De hecho, el propio<strong> Banco de Espa\u00f1a (BdE)<\/strong> ya ha alertado al Ejecutivo central, en su <a href=\"https:\/\/www.bolsamania.com\/noticias\/economia\/banco-espana-grueso-efectos-subida-tipos-percibira-partir-este-ano--13316326.html\" rel=\"noopener noreferrer\" target=\"_blank\" rel=\"nofollow\" ><strong>Informe Anual<\/strong><\/a> dado a conocer esta semana, de que el paro es uno de los principales problemas de la econom\u00eda espa\u00f1ola que debe ser atajado a la mayor brevedad posible. Es m\u00e1s, los economistas de este organismo han rebajado las expectativas del Gobierno, al se\u00f1alar que esperan que la tasa de desempleo siga en el 12% para 2025.<\/p>\n<p>Cabe destacar que <strong>la tasa de desempleo espa\u00f1ola es la m\u00e1s alta de la eurozona<\/strong>, donde <a href=\"https:\/\/www.bolsamania.com\/noticias\/economia\/paro-eurozona-baja-65-marzo-nuevo-minimo-historico--13240198.html\" rel=\"noopener noreferrer\" target=\"_blank\" rel=\"nofollow\" ><strong>de media se sit\u00faa en el 6,5%<\/strong><\/a>. Y aunque es cierto que ahora se sit\u00faa en el 12,8%, muy por debajo del m\u00e1ximo del 16,5% que marc\u00f3 a mediados de 2020, a\u00fan es muy elevada.<\/p>\n<p>Desde Pantheon recuerdan que la recuperaci\u00f3n \u00abse ha visto impulsada por un <strong>aumento de la demanda de mano de obra<\/strong>, tras la relajaci\u00f3n de las restricciones de Covid\u00bb, de forma que el empleo ha aumentado considerablemente en Espa\u00f1a. Los datos adelantados, remarcan estos expertos, confirman que \u00ab<strong>el crecimiento del empleo se aceler\u00f3<\/strong> hasta el 1,8% interanual desde el 1,4% del cuarto trimestre\u00bb.<\/p>\n<p>No obstante, remarcan, <strong>\u00abla recuperaci\u00f3n de la oferta de mano de obra tambi\u00e9n ha sido fuerte\u00bb<\/strong>. \u00abLos trabajadores que abandonaron la poblaci\u00f3n activa en el momento \u00e1lgido de los primeros cierres por la pandemia han regresado, y la recuperaci\u00f3n econ\u00f3mica general ha atra\u00eddo a algunas personas que antes estaban inactivas\u00bb, comentan.<\/p>\n<p>De esta forma, la tasa de actividad -la proporci\u00f3n de personas empleadas y desempleadas sobre la poblaci\u00f3n total- ha aumentado en Espa\u00f1a, \u00abraz\u00f3n por la cual la tasa de desempleo para el grupo de edad de 20-64 a\u00f1os ha disminuido menos\u00bb. Y aunque <strong>las encuestas de intenci\u00f3n de contrataci\u00f3n son positivas<\/strong>, lo que \u00absugiere que el crecimiento del empleo seguir\u00e1 siendo decente en Espa\u00f1a en el segundo trimestre\u00bb, y aunque eso reducir\u00e1 la tasa de paro, lo har\u00e1 de forma muy leve.<\/p>\n<p>\u00abEl <strong>crecimiento del empleo deber\u00eda seguir siendo s\u00f3lido<\/strong> en Espa\u00f1a en los pr\u00f3ximos seis meses, pero tambi\u00e9n creemos que <strong>aumentar\u00e1 la oferta de mano de obra<\/strong>, lo que <strong>limitar\u00e1 la ca\u00edda de la tasa de desempleo<\/strong>, si es que llega a producirse\u00bb, apuntan los expertos de la firma brit\u00e1nica de an\u00e1lisis.<\/p>\n<p><strong>C\u00d3MO INFLUYE LA REFORMA LABORAL<\/strong><\/p>\n<p>Asimismo, los estrategas de Pantheon analizan tambi\u00e9n los efectos de la <strong>reforma laboral<\/strong>, que acota la capacidad de las empresas para contratar a trabajadores de forma temporal, salvo en circunstancias espec\u00edficas, y establece las condiciones en las que las empresas pueden despedir a los trabajadores. \u00ab<strong>El impacto ya es evidente en los datos<\/strong>: los contratos temporales registrados en abril fueron un 17% inferiores a los de abril del a\u00f1o pasado\u00bb, destacan los analistas.<\/p>\n<p>En general, dicen, \u00abla reforma <strong>flexibiliza el mercado laboral<\/strong> al dificultar el despido, pero <strong>fomenta la estabilidad<\/strong>, el aumento de las cualificaciones y la subida de los salarios, ya que el trabajo temporal suele ir asociado a salarios m\u00e1s bajos, menor formaci\u00f3n y menos posibilidades de obtener un empleo fijo\u00bb. Al mismo tiempo, destacan, el Gobierno \u00abha compensado a los empresarios ampliando el r\u00e9gimen de jornada reducida\u00bb.<\/p>\n<p>En su opini\u00f3n, \u00abes dif\u00edcil distinguir el impacto de la reforma del de la recuperaci\u00f3n de la mano de obra, pero dado que el crecimiento del PIB se estaba ralentizando en el segundo semestre, creemos que <strong>ha influido<\/strong>\u00ab.<\/p>\n<p>Y dicen que \u00abel mayor <a href=\"https:\/\/www.bolsamania.com\/noticias\/economia\/patronal-sindicatos-acuerdan-subir-salarios-4-2023-3-2024-2025--13284372.html\" rel=\"noopener noreferrer\" target=\"_blank\" rel=\"nofollow\" ><strong>crecimiento salarial<\/strong><\/a> tambi\u00e9n deber\u00eda ayudar a impulsar la oferta de mano de obra Espa\u00f1a, ya que la indexaci\u00f3n salarial es m\u00e1s frecuente\u00bb. Sin embargo, recuerdan que \u00abno todos los trabajadores est\u00e1n cubiertos por contratos indexados a la inflaci\u00f3n y los datos muestran que <strong>los aumentos acordados entre los trabajadores en convenios colectivos siguen siendo inferiores a la inflaci\u00f3n<\/strong>\u00ab.<\/p>\n<p>&#013;<br \/>\nSource: Bolsamania.com<\/p>\n","protected":false},"excerpt":{"rendered":"<p>Noticia relacionada Espa\u00f1a lidera el desempleo de la OCDE con una tasa del 12,8% en febrero \u00abEl mercado laboral espa\u00f1ol&#8230;<\/p>\n","protected":false},"author":1,"featured_media":61180,"comment_status":"open","ping_status":"closed","sticky":false,"template":"","format":"standard","meta":[],"categories":[104],"tags":[99],"_links":{"self":[{"href":"https:\/\/tuavaluo.com\/avaluo\/wp-json\/wp\/v2\/posts\/61179"}],"collection":[{"href":"https:\/\/tuavaluo.com\/avaluo\/wp-json\/wp\/v2\/posts"}],"about":[{"href":"https:\/\/tuavaluo.com\/avaluo\/wp-json\/wp\/v2\/types\/post"}],"author":[{"embeddable":true,"href":"https:\/\/tuavaluo.com\/avaluo\/wp-json\/wp\/v2\/users\/1"}],"replies":[{"embeddable":true,"href":"https:\/\/tuavaluo.com\/avaluo\/wp-json\/wp\/v2\/comments?post=61179"}],"version-history":[{"count":0,"href":"https:\/\/tuavaluo.com\/avaluo\/wp-json\/wp\/v2\/posts\/61179\/revisions"}],"wp:featuredmedia":[{"embeddable":true,"href":"https:\/\/tuavaluo.com\/avaluo\/wp-json\/wp\/v2\/media\/61180"}],"wp:attachment":[{"href":"https:\/\/tuavaluo.com\/avaluo\/wp-json\/wp\/v2\/media?parent=61179"}],"wp:term":[{"taxonomy":"category","embeddable":true,"href":"https:\/\/tuavaluo.com\/avaluo\/wp-json\/wp\/v2\/categories?post=61179"},{"taxonomy":"post_tag","embeddable":true,"href":"https:\/\/tuavaluo.com\/avaluo\/wp-json\/wp\/v2\/tags?post=61179"}],"curies":[{"name":"wp","href":"https:\/\/api.w.org\/{rel}","templated":true}]}}