{"id":61372,"date":"2023-05-16T18:34:37","date_gmt":"2023-05-16T18:34:37","guid":{"rendered":"https:\/\/tuavaluo.com\/avaluo\/2023\/05\/16\/mester-fed-cree-que-los-tipos-no-han-llegado-al-nivel-suficiente-para-mantenerlos\/"},"modified":"2023-05-16T18:34:37","modified_gmt":"2023-05-16T18:34:37","slug":"mester-fed-cree-que-los-tipos-no-han-llegado-al-nivel-suficiente-para-mantenerlos","status":"publish","type":"post","link":"https:\/\/tuavaluo.com\/avaluo\/2023\/05\/16\/mester-fed-cree-que-los-tipos-no-han-llegado-al-nivel-suficiente-para-mantenerlos\/","title":{"rendered":"Mester (Fed) cree que los tipos no han llegado al nivel suficiente para mantenerlos"},"content":{"rendered":"<p>\u00abCuando llevemos la pol\u00edtica a esa tasa, creo que vamos a aguantar por un tiempo para asegurarnos de que la tasa de inter\u00e9s vuelva a bajar. As\u00ed que no lo pongo en t\u00e9rminos de una pausa, yo<strong> lo pongo en t\u00e9rminos de retenci\u00f3n. \u00bfHemos llegado ya a esa tasa? En este punto, dados los datos que hemos obtenido hasta ahora, dir\u00eda que no<\/strong>\u00ab, destaca en declaraciones recogidas por &#8216;Reuters&#8217;.<\/p>\n<p>El nivel final de los tipos, ha recalcado,<strong> depender\u00e1 de la evoluci\u00f3n de la inflaci\u00f3n y del resto de indicadores econ\u00f3micos<\/strong>, si bien todav\u00eda no considera que los precios est\u00e9n en una senda clara hacia el objetivo del 2% que el organismo se marca en su lucha contra la inflaci\u00f3n.<\/p>\n<p>\u00abEl enfoque que estoy adoptando es que me gustar\u00eda que la tasa de pol\u00edtica llegue a un punto en el que, cuando est\u00e9 pensando en cu\u00e1l ser\u00eda el pr\u00f3ximo cambio de pol\u00edtica, <strong>quiero que sea igualmente un aumento potencial frente a una disminuci\u00f3n<\/strong>\u00ab, ha manifestado.<\/p>\n<p>Seg\u00fan su criterio, <strong>el banco central estadounidense necesita \u00abver m\u00e1s evidencia de que la inflaci\u00f3n sigue bajando\u00bb<\/strong>, y ha subrayado que mantendr\u00e1 su objetivo sin cambios.<\/p>\n<p>&#013;<br \/>\nSource: Bolsamania.com<\/p>\n","protected":false},"excerpt":{"rendered":"<p>\u00abCuando llevemos la pol\u00edtica a esa tasa, creo que vamos a aguantar por un tiempo para asegurarnos de que la&#8230;<\/p>\n","protected":false},"author":1,"featured_media":0,"comment_status":"open","ping_status":"closed","sticky":false,"template":"","format":"standard","meta":[],"categories":[104],"tags":[99],"_links":{"self":[{"href":"https:\/\/tuavaluo.com\/avaluo\/wp-json\/wp\/v2\/posts\/61372"}],"collection":[{"href":"https:\/\/tuavaluo.com\/avaluo\/wp-json\/wp\/v2\/posts"}],"about":[{"href":"https:\/\/tuavaluo.com\/avaluo\/wp-json\/wp\/v2\/types\/post"}],"author":[{"embeddable":true,"href":"https:\/\/tuavaluo.com\/avaluo\/wp-json\/wp\/v2\/users\/1"}],"replies":[{"embeddable":true,"href":"https:\/\/tuavaluo.com\/avaluo\/wp-json\/wp\/v2\/comments?post=61372"}],"version-history":[{"count":0,"href":"https:\/\/tuavaluo.com\/avaluo\/wp-json\/wp\/v2\/posts\/61372\/revisions"}],"wp:attachment":[{"href":"https:\/\/tuavaluo.com\/avaluo\/wp-json\/wp\/v2\/media?parent=61372"}],"wp:term":[{"taxonomy":"category","embeddable":true,"href":"https:\/\/tuavaluo.com\/avaluo\/wp-json\/wp\/v2\/categories?post=61372"},{"taxonomy":"post_tag","embeddable":true,"href":"https:\/\/tuavaluo.com\/avaluo\/wp-json\/wp\/v2\/tags?post=61372"}],"curies":[{"name":"wp","href":"https:\/\/api.w.org\/{rel}","templated":true}]}}