{"id":61441,"date":"2023-05-17T18:14:40","date_gmt":"2023-05-17T18:14:40","guid":{"rendered":"https:\/\/tuavaluo.com\/avaluo\/2023\/05\/17\/biden-los-lideres-han-acordado-que-no-caeremos-en-el-impago\/"},"modified":"2023-05-17T18:14:40","modified_gmt":"2023-05-17T18:14:40","slug":"biden-los-lideres-han-acordado-que-no-caeremos-en-el-impago","status":"publish","type":"post","link":"https:\/\/tuavaluo.com\/avaluo\/2023\/05\/17\/biden-los-lideres-han-acordado-que-no-caeremos-en-el-impago\/","title":{"rendered":"Biden: &quot;Los l\u00edderes han acordado que no caeremos en el impago&quot;"},"content":{"rendered":"<p>\u00abAyer tuvimos una reuni\u00f3n productiva con los cuatro l\u00edderes del Congreso. <strong>Fue cort\u00e9s y respetuosa. Y todos vinieron a la reuni\u00f3n, creo, de buena fe<\/strong>. Conf\u00edo en que obtendremos el acuerdo sobre el presupuesto, que Estados Unidos no incumplir\u00e1\u00bb, ha se\u00f1alado<\/p>\n<p>Adem\u00e1s, ha asegurado que \u00ab<strong>todos los l\u00edderes en la sala entienden las consecuencias\u00bb de un impago<\/strong>, una situaci\u00f3n que ser\u00eda \u00abcatastr\u00f3fica para la econom\u00eda y el pueblo estadounidense\u00bb.<\/p>\n<p>\u00abY para ser claros, <strong>esta negociaci\u00f3n se trata de los contornos de c\u00f3mo se ver\u00e1 el presupuesto, no de si, de hecho, vamos a pagar nuestras deudas o no<\/strong>\u00ab, ha agregado.<\/p>\n<p>Los presentes en la reuni\u00f3n acordaron que<strong> tanto Biden como McCarthy designar\u00e1n \u00abmiembros de alto nivel\u00bb para que se encarguen del grueso de las negociaciones<\/strong> a partir de ahora. Estos representantes \u00abse conocieron ayer y se volver\u00e1n a reunir hoy\u00bb.<\/p>\n<p>\u00abYo estar\u00e9 en contacto constante con mi equipo mientras est\u00e9 en el G7. <strong>Y estar\u00e9 en estrecho contacto con McCarthy y otros l\u00edderes tambi\u00e9n<\/strong>\u00ab, ha prometido.<\/p>\n<p>Biden ha avanzado que seguir\u00e1n las conversaciones con los l\u00edderes del Congreso en los pr\u00f3ximos d\u00edas hasta que se llegue a un acuerdo. <strong>El presidente ofrecer\u00e1 una rueda de prensa este domingo con las \u00faltimas novedades en la materia.<\/strong><\/p>\n<p>&#013;<br \/>\nSource: Bolsamania.com<\/p>\n","protected":false},"excerpt":{"rendered":"<p>\u00abAyer tuvimos una reuni\u00f3n productiva con los cuatro l\u00edderes del Congreso. Fue cort\u00e9s y respetuosa. Y todos vinieron a la&#8230;<\/p>\n","protected":false},"author":1,"featured_media":0,"comment_status":"open","ping_status":"closed","sticky":false,"template":"","format":"standard","meta":[],"categories":[104],"tags":[99],"_links":{"self":[{"href":"https:\/\/tuavaluo.com\/avaluo\/wp-json\/wp\/v2\/posts\/61441"}],"collection":[{"href":"https:\/\/tuavaluo.com\/avaluo\/wp-json\/wp\/v2\/posts"}],"about":[{"href":"https:\/\/tuavaluo.com\/avaluo\/wp-json\/wp\/v2\/types\/post"}],"author":[{"embeddable":true,"href":"https:\/\/tuavaluo.com\/avaluo\/wp-json\/wp\/v2\/users\/1"}],"replies":[{"embeddable":true,"href":"https:\/\/tuavaluo.com\/avaluo\/wp-json\/wp\/v2\/comments?post=61441"}],"version-history":[{"count":0,"href":"https:\/\/tuavaluo.com\/avaluo\/wp-json\/wp\/v2\/posts\/61441\/revisions"}],"wp:attachment":[{"href":"https:\/\/tuavaluo.com\/avaluo\/wp-json\/wp\/v2\/media?parent=61441"}],"wp:term":[{"taxonomy":"category","embeddable":true,"href":"https:\/\/tuavaluo.com\/avaluo\/wp-json\/wp\/v2\/categories?post=61441"},{"taxonomy":"post_tag","embeddable":true,"href":"https:\/\/tuavaluo.com\/avaluo\/wp-json\/wp\/v2\/tags?post=61441"}],"curies":[{"name":"wp","href":"https:\/\/api.w.org\/{rel}","templated":true}]}}