{"id":61882,"date":"2023-05-26T12:11:13","date_gmt":"2023-05-26T12:11:13","guid":{"rendered":"https:\/\/tuavaluo.com\/avaluo\/2023\/05\/26\/arranca-la-feria-del-libro-de-madrid-2023-con-casi-400-casetas-y-mas-de-5-000-firmas\/"},"modified":"2023-05-26T12:11:13","modified_gmt":"2023-05-26T12:11:13","slug":"arranca-la-feria-del-libro-de-madrid-2023-con-casi-400-casetas-y-mas-de-5-000-firmas","status":"publish","type":"post","link":"https:\/\/tuavaluo.com\/avaluo\/2023\/05\/26\/arranca-la-feria-del-libro-de-madrid-2023-con-casi-400-casetas-y-mas-de-5-000-firmas\/","title":{"rendered":"Arranca la Feria del Libro de Madrid 2023 con casi 400 casetas y m\u00e1s de 5.000 firmas"},"content":{"rendered":"<p><strong>Eva Or\u00fae, directora de la Feria,<\/strong> ha mostrado su satisfacci\u00f3n por la inauguraci\u00f3n tras convertirse en una \u00abedici\u00f3n dif\u00edcil de poner en marcha, con un proceso complejo y <strong>no exento de pol\u00e9mica<\/strong>\u00ab.<\/p>\n<p>El principal cambio se produjo con respecto al <strong>m\u00ednimo de t\u00edtulos vivos necesarios en el cat\u00e1logo<\/strong>, que en un primer momento se quer\u00eda subir a 80, frente a los <strong>25 obligatorios anteriormente<\/strong>. Las editoriales que no alcanzaran esa cantidad deb\u00edan turnarse un mismo espacio com\u00fan cada fin de semana de la feria. No obstante, tras las negociaciones con las <strong>editoriales afectadas,<\/strong> se acord\u00f3 que finalmente todas tuvieran una caseta propia.<\/p>\n<p>La <strong>Feria del Libro<\/strong> se mantendr\u00e1 abierta durante 17 d\u00edas, con una oferta editorial de cerca de los <strong>1.000 sellos<\/strong>, entre los que van en casetas y los representados por distribuidoras. La distribuci\u00f3n constar\u00e1 de 361 casetas a lo largo del recinto y una fila central de 24 que ocupar\u00e1n <strong>universidades, facs\u00edmiles y pa\u00edses con stand propio.<\/strong><\/p>\n<p>Adem\u00e1s, la actividad se dividir\u00e1 en <strong>seis pabellones<\/strong>, como son el de CaixaBank, el de Europa, el Infantil, el de la Comunidad de Madrid, el de los Jardines de Cecilio Rodr\u00edguez y el de la Biblioteca P\u00fablica Municipal Eugenio Tr\u00edas, as\u00ed como <strong>cinco espacios de firmas<\/strong> divididos en Magnolio, Boj, Madro\u00f1o, Pino y Rosaleda.<\/p>\n<p>Por otro lado, el <strong>Proyecto Sombra <\/strong>ser\u00e1 la principal novedad y permitir\u00e1 que parte del recorrido est\u00e9 cubierto por lonas como medida ante el sol y las altas temperaturas.<\/p>\n<p>Por su parte, la <strong>EMT <\/strong>ha anunciado que reforzar\u00e1 los servicios de las l\u00edneas que permiten llegar a la zona, sobre todo durante viernes, s\u00e1bados y festivos, d\u00edas en los que se espera una mayor afluencia. Adem\u00e1s, el d\u00eda de mayor refuerzo ser\u00e1 el pr\u00f3ximo 3 de junio, momento en el que se pondr\u00e1n en servicio <strong>alrededor de 21 autobuses extra.<\/strong><\/p>\n<p>&#013;<br \/>\nSource: Bolsamania.com<\/p>\n","protected":false},"excerpt":{"rendered":"<p>Eva Or\u00fae, directora de la Feria, ha mostrado su satisfacci\u00f3n por la inauguraci\u00f3n tras convertirse en una \u00abedici\u00f3n dif\u00edcil de&#8230;<\/p>\n","protected":false},"author":1,"featured_media":0,"comment_status":"open","ping_status":"closed","sticky":false,"template":"","format":"standard","meta":[],"categories":[104],"tags":[99],"_links":{"self":[{"href":"https:\/\/tuavaluo.com\/avaluo\/wp-json\/wp\/v2\/posts\/61882"}],"collection":[{"href":"https:\/\/tuavaluo.com\/avaluo\/wp-json\/wp\/v2\/posts"}],"about":[{"href":"https:\/\/tuavaluo.com\/avaluo\/wp-json\/wp\/v2\/types\/post"}],"author":[{"embeddable":true,"href":"https:\/\/tuavaluo.com\/avaluo\/wp-json\/wp\/v2\/users\/1"}],"replies":[{"embeddable":true,"href":"https:\/\/tuavaluo.com\/avaluo\/wp-json\/wp\/v2\/comments?post=61882"}],"version-history":[{"count":0,"href":"https:\/\/tuavaluo.com\/avaluo\/wp-json\/wp\/v2\/posts\/61882\/revisions"}],"wp:attachment":[{"href":"https:\/\/tuavaluo.com\/avaluo\/wp-json\/wp\/v2\/media?parent=61882"}],"wp:term":[{"taxonomy":"category","embeddable":true,"href":"https:\/\/tuavaluo.com\/avaluo\/wp-json\/wp\/v2\/categories?post=61882"},{"taxonomy":"post_tag","embeddable":true,"href":"https:\/\/tuavaluo.com\/avaluo\/wp-json\/wp\/v2\/tags?post=61882"}],"curies":[{"name":"wp","href":"https:\/\/api.w.org\/{rel}","templated":true}]}}