{"id":62005,"date":"2023-05-30T08:24:03","date_gmt":"2023-05-30T08:24:03","guid":{"rendered":"https:\/\/tuavaluo.com\/avaluo\/2023\/05\/30\/las-ventas-del-comercio-minorista-se-frenan-al-registrar-un-crecimiento-del-5-en-abril\/"},"modified":"2023-05-30T08:24:03","modified_gmt":"2023-05-30T08:24:03","slug":"las-ventas-del-comercio-minorista-se-frenan-al-registrar-un-crecimiento-del-5-en-abril","status":"publish","type":"post","link":"https:\/\/tuavaluo.com\/avaluo\/2023\/05\/30\/las-ventas-del-comercio-minorista-se-frenan-al-registrar-un-crecimiento-del-5-en-abril\/","title":{"rendered":"Las ventas del comercio minorista se frenan al registrar un crecimiento del 5% en abril"},"content":{"rendered":"<p>Por otra parte, el <strong>\u00edndice general sin estaciones de servicio<\/strong> registra un 4,1% de tasa mensual. Adem\u00e1s, la <strong>Alimentaci\u00f3n<\/strong> baja un 0,1%, mientras que el <strong>Resto<\/strong> sube un 2%, con <strong>Equipo Personal<\/strong> como el tipo de producto que m\u00e1s aumenta al crecer un 10,2%. En cuanto a los modos de distribuci\u00f3n, todos registran <strong>tasas mensuales positivas<\/strong>, con el mayor aumento en <strong>Empresas Unilocalizadas<\/strong>, que sube un 4%.<\/p>\n<p>Con respecto a las diferentes <strong>Comunidades Aut\u00f3nomas<\/strong>, las ventas suben en abril en su tasa anual en todas excepto en <strong>Castilla y Le\u00f3n<\/strong>, donde descienden un 0,6%. Los mayores aumentos se producen en las <strong>Islas Baleares, <\/strong>con un 12,4%, la <strong>Comunidad de Madrid, <\/strong>que registra un 10,4%, y la <strong>Comunidad Valenciana, <\/strong>con un 7,1%.<\/p>\n<p>Por \u00faltimo, la ocupaci\u00f3n en el <strong>sector del comercio minorista<\/strong> presenta una variaci\u00f3n del 1,8% frente al mismo mes de hace un a\u00f1o. Esto supone un <strong><a href=\"https:\/\/www.bolsamania.com\/noticias\/economia\/ventas-comercio-minorista-caen-marzo-12-eurozona-11-ue--13280604.html\" rel=\"noopener noreferrer\" target=\"_blank\" rel=\"nofollow\" >aumento de una d\u00e9cima con respecto a marzo<\/a><\/strong>, y sin las<strong> Estaciones de servicio<\/strong> se eleva hasta el 2,1%.<\/p>\n<p>En 16 autonom\u00edas el empleo en comercio minorista ha aumentado, con las <strong>Islas Baleares <\/strong>a la cabeza al aumentar un 5,3%, seguida de <strong>Canarias, <\/strong>que aumenta un 4,2%, y <strong>Extremadura, <\/strong>con un 3,7%. Las dos \u00fanicas que registran tasas negativas son <strong>Asturias, <\/strong>con un 1,8% en negativo, y <strong>Ceuta, <\/strong>que desciende un 0,9%.<\/p>\n<p>&#013;<br \/>\nSource: Bolsamania.com<\/p>\n","protected":false},"excerpt":{"rendered":"<p>Por otra parte, el \u00edndice general sin estaciones de servicio registra un 4,1% de tasa mensual. Adem\u00e1s, la Alimentaci\u00f3n baja&#8230;<\/p>\n","protected":false},"author":1,"featured_media":0,"comment_status":"open","ping_status":"closed","sticky":false,"template":"","format":"standard","meta":[],"categories":[104],"tags":[99],"_links":{"self":[{"href":"https:\/\/tuavaluo.com\/avaluo\/wp-json\/wp\/v2\/posts\/62005"}],"collection":[{"href":"https:\/\/tuavaluo.com\/avaluo\/wp-json\/wp\/v2\/posts"}],"about":[{"href":"https:\/\/tuavaluo.com\/avaluo\/wp-json\/wp\/v2\/types\/post"}],"author":[{"embeddable":true,"href":"https:\/\/tuavaluo.com\/avaluo\/wp-json\/wp\/v2\/users\/1"}],"replies":[{"embeddable":true,"href":"https:\/\/tuavaluo.com\/avaluo\/wp-json\/wp\/v2\/comments?post=62005"}],"version-history":[{"count":0,"href":"https:\/\/tuavaluo.com\/avaluo\/wp-json\/wp\/v2\/posts\/62005\/revisions"}],"wp:attachment":[{"href":"https:\/\/tuavaluo.com\/avaluo\/wp-json\/wp\/v2\/media?parent=62005"}],"wp:term":[{"taxonomy":"category","embeddable":true,"href":"https:\/\/tuavaluo.com\/avaluo\/wp-json\/wp\/v2\/categories?post=62005"},{"taxonomy":"post_tag","embeddable":true,"href":"https:\/\/tuavaluo.com\/avaluo\/wp-json\/wp\/v2\/tags?post=62005"}],"curies":[{"name":"wp","href":"https:\/\/api.w.org\/{rel}","templated":true}]}}