{"id":62067,"date":"2023-05-31T10:20:37","date_gmt":"2023-05-31T10:20:37","guid":{"rendered":"https:\/\/tuavaluo.com\/avaluo\/2023\/05\/31\/scope-pone-deberes-al-proximo-gobierno-de-espana-es-necesaria-una-reforma-fiscal\/"},"modified":"2023-05-31T10:20:37","modified_gmt":"2023-05-31T10:20:37","slug":"scope-pone-deberes-al-proximo-gobierno-de-espana-es-necesaria-una-reforma-fiscal","status":"publish","type":"post","link":"https:\/\/tuavaluo.com\/avaluo\/2023\/05\/31\/scope-pone-deberes-al-proximo-gobierno-de-espana-es-necesaria-una-reforma-fiscal\/","title":{"rendered":"Scope pone deberes al pr\u00f3ximo gobierno de Espa\u00f1a: &quot;Es necesaria una reforma fiscal&quot;"},"content":{"rendered":"<p>Seg\u00fan su valoraci\u00f3n, los <strong>nuevos gobiernos<\/strong> elegidos en las Comunidades Aut\u00f3nomas \u00abse enfrentan a <strong>delicadas disyuntivas<\/strong>, mientras los partidos pol\u00edticos se preparan para las<strong> elecciones nacionales<\/strong>, adelantadas a julio\u00bb. As\u00ed, consideran que \u00abla mejora de las condiciones econ\u00f3micas y de las prestaciones sociales tendr\u00e1 que confrontarse con un <strong>espacio fiscal limitado<\/strong> y la <strong>necesidad de una reforma fiscal<\/strong>\u00ab.<\/p>\n<p>En su opini\u00f3n, \u00abla <strong>fragmentaci\u00f3n pol\u00edtica<\/strong> seguir\u00e1 siendo un reto importante para la gobernanza durante la pr\u00f3xima legislatura\u00bb, ya que no esperan mayor\u00edas absolutas ni del PP ni del PSOE.<\/p>\n<p>\u00abEsta fragmentaci\u00f3n tambi\u00e9n es <strong>evidente a nivel regional<\/strong>. As\u00ed pues, los resultados de las elecciones auton\u00f3micas repercutir\u00e1n en la capacidad de los gobiernos para <strong>aplicar eficazmente sus programas pol\u00edticos<\/strong> y colaborar con el Gobierno central en <strong>reformas compartidas<\/strong>\u00ab, relatan.<\/p>\n<p>Para estos expertos, la econom\u00eda espa\u00f1ola \u00abse ha mostrado <strong>sorprendentemente resistente frente a la crisis energ\u00e9tica <\/strong>debido principalmente a la fortaleza del mercado laboral\u00bb. No obstante, recuerdan que la tasa de paro espa\u00f1ola sigue siendo elevada respecto a la media de la Uni\u00f3n Europea.<\/p>\n<h3>RESTRICCIONES PRESUPUESTARIAS<\/h3>\n<p>Seg\u00fan Scope Ratings, \u00ablas <strong>restricciones de presupuestos<\/strong> a las que se enfrentan las comunidades aut\u00f3nomas dificultan los ajustes pol\u00edticos y las nuevas inversiones\u00bb.<\/p>\n<p>Porque a finales de 2022, ninguna de las regiones cumpl\u00eda el umbral del <strong>13% de deuda en relaci\u00f3n con el PIB<\/strong> en su marco fiscal, mientras que el <strong>d\u00e9ficit fiscal agregado<\/strong> empeor\u00f3 hasta el 1,1% del PIB desde el 0,1% en 2021, \u00ablo que contrasta con la reducci\u00f3n del d\u00e9ficit del gobierno general hasta el <strong>4,8% del PIB<\/strong> desde el 6,9% en 2021&#8243;.<\/p>\n<p>Seg\u00fan su an\u00e1lisis, \u00abla<strong> debilidad temporal de los ingresos<\/strong> tuvo en parte la culpa, dado que el <strong>sistema de compensaci\u00f3n fiscal de <a href=\"https:\/\/www.bolsamania.com\/noticias\/politica\/economia-resistira-adelanto-electoral-dificil-formar-gobierno--13553712.html\" rel=\"noopener noreferrer\" target=\"_blank\" rel=\"nofollow\" >Espa\u00f1a<\/a><\/strong> presenta un <strong>desfase de dos a\u00f1os<\/strong> en la liquidaci\u00f3n de impuestos, reflejando as\u00ed la ca\u00edda de los ingresos fiscales relacionados con la <strong>pandemia en 2020<\/strong>\u00ab.<\/p>\n<p>\u00abSin embargo\u00bb, a\u00f1aden estos expertos, \u00ablas <strong>Comunidades Aut\u00f3nomas<\/strong> han logrado realizar pocos ahorros de costes significativos tras la pandemia. En un contexto de<strong> inflaci\u00f3n persistente<\/strong>, las CCAA responsables de los servicios esenciales tendr\u00e1n que conciliar la presi\u00f3n de los votantes para <strong>mejorar la calidad de la sanidad, la educaci\u00f3n<\/strong> y el bienestar social con la <strong>necesidad de contener los costes<\/strong>\u00ab.<\/p>\n<p>Por ello, consideran que \u00abla disyuntiva entre<strong> impulsar el crecimiento econ\u00f3mico y salvaguardar las finanzas p\u00fablicas<\/strong>, sin debilitar los servicios p\u00fablicos, es m\u00e1s aguda en las CCAA con menor margen fiscal, ya que suelen ser las que necesitan mejorar su atractivo econ\u00f3mico\u00bb.<\/p>\n<p>En este escenario, destacan que \u00abla <strong>Comunidad Valenciana y Catalu\u00f1a<\/strong>, las dos regiones menos competitivas seg\u00fan el \u00cdndice de Competitividad Fiscal Regional, son las que tienen una deuda m\u00e1s elevada\u00bb.<\/p>\n<h3>POL\u00cdTICA FISCAL PRUDENTE<\/h3>\n<p>As\u00ed, afirman que \u00abel consenso pol\u00edtico en torno a una <strong>pol\u00edtica fiscal prudente adquiere mayor importancia<\/strong>, aunque la fragmentaci\u00f3n pol\u00edtica a nivel auton\u00f3mico ha interferido com\u00fanmente en la gesti\u00f3n fiscal en los \u00faltimos a\u00f1os, impidiendo a menudo que los gobiernos regionales adopten presupuestos anuales, incluso al precio de <strong>impedir un gasto eficiente de los fondos de la UE<\/strong>\u00ab.<\/p>\n<p>Adem\u00e1s, Scope precisa que \u00abla <strong>naturaleza del reto fiscal tambi\u00e9n var\u00eda seg\u00fan las comunidades<\/strong>. Algunas tienen m\u00e1rgenes de explotaci\u00f3n s\u00f3lidos, que sustentan la asequibilidad de la deuda y apoyan las inversiones. Otras tienen presupuestos estructuralmente d\u00e9biles, lo que las hace m\u00e1s dependientes de la financiaci\u00f3n continuada del Gobierno central\u00bb.<\/p>\n<h3>ESCASAS OPORTUNIDADES<\/h3>\n<p>En conclusi\u00f3n, Scope afirma que \u00abla <strong>mejora de las finanzas regionales<\/strong> sigue siendo esencial para apoyar la <strong>consolidaci\u00f3n fiscal a nivel del gobierno general<\/strong>. La colaboraci\u00f3n efectiva entre los gobiernos regional y central en la reforma del sistema de financiaci\u00f3n auton\u00f3mica y otros asuntos de pol\u00edtica com\u00fan marcar\u00e1 la <strong>estabilidad pol\u00edtica<\/strong> y la pol\u00edtica fiscal del pa\u00eds en los <strong>pr\u00f3ximos a\u00f1os<\/strong>\u00ab.<\/p>\n<p>En resumen, Scope indica que \u00abel resultado de estas elecciones auton\u00f3micas tendr\u00e1 un<strong> impacto significativo<\/strong>, influyendo en la estabilidad y el entorno pol\u00edtico para la emisi\u00f3n de deuda subsoberana espa\u00f1ola\u00bb.<\/p>\n<p>Porque, en su opini\u00f3n, \u00abuna <strong>cooperaci\u00f3n eficaz entre los gobiernos regionales y el central es crucial<\/strong> para garantizar la <strong>consolidaci\u00f3n fiscal<\/strong> y<strong> apoyar la solvencia global de toda Espa\u00f1a<\/strong>\u00ab.<\/p>\n<p>&#013;<br \/>\nSource: Bolsamania.com<\/p>\n","protected":false},"excerpt":{"rendered":"<p>Seg\u00fan su valoraci\u00f3n, los nuevos gobiernos elegidos en las Comunidades Aut\u00f3nomas \u00abse enfrentan a delicadas disyuntivas, mientras los partidos pol\u00edticos&#8230;<\/p>\n","protected":false},"author":1,"featured_media":0,"comment_status":"open","ping_status":"closed","sticky":false,"template":"","format":"standard","meta":[],"categories":[104],"tags":[99],"_links":{"self":[{"href":"https:\/\/tuavaluo.com\/avaluo\/wp-json\/wp\/v2\/posts\/62067"}],"collection":[{"href":"https:\/\/tuavaluo.com\/avaluo\/wp-json\/wp\/v2\/posts"}],"about":[{"href":"https:\/\/tuavaluo.com\/avaluo\/wp-json\/wp\/v2\/types\/post"}],"author":[{"embeddable":true,"href":"https:\/\/tuavaluo.com\/avaluo\/wp-json\/wp\/v2\/users\/1"}],"replies":[{"embeddable":true,"href":"https:\/\/tuavaluo.com\/avaluo\/wp-json\/wp\/v2\/comments?post=62067"}],"version-history":[{"count":0,"href":"https:\/\/tuavaluo.com\/avaluo\/wp-json\/wp\/v2\/posts\/62067\/revisions"}],"wp:attachment":[{"href":"https:\/\/tuavaluo.com\/avaluo\/wp-json\/wp\/v2\/media?parent=62067"}],"wp:term":[{"taxonomy":"category","embeddable":true,"href":"https:\/\/tuavaluo.com\/avaluo\/wp-json\/wp\/v2\/categories?post=62067"},{"taxonomy":"post_tag","embeddable":true,"href":"https:\/\/tuavaluo.com\/avaluo\/wp-json\/wp\/v2\/tags?post=62067"}],"curies":[{"name":"wp","href":"https:\/\/api.w.org\/{rel}","templated":true}]}}