{"id":62321,"date":"2023-06-05T15:22:59","date_gmt":"2023-06-05T15:22:59","guid":{"rendered":"https:\/\/tuavaluo.com\/avaluo\/2023\/06\/05\/apple-toca-maximos-en-bolsa-ante-la-expectativa-por-sus-gafas-de-realidad-mixta\/"},"modified":"2023-06-05T15:22:59","modified_gmt":"2023-06-05T15:22:59","slug":"apple-toca-maximos-en-bolsa-ante-la-expectativa-por-sus-gafas-de-realidad-mixta","status":"publish","type":"post","link":"https:\/\/tuavaluo.com\/avaluo\/2023\/06\/05\/apple-toca-maximos-en-bolsa-ante-la-expectativa-por-sus-gafas-de-realidad-mixta\/","title":{"rendered":"Apple toca m\u00e1ximos en bolsa ante la expectativa por sus gafas de &quot;realidad mixta&quot;"},"content":{"rendered":"<p>\u00abHay grandes expectativas de que Apple presente un casco de realidad aumentada y virtual con el nombre provisional de <strong>\u00abReality Pro<\/strong>\u00ab, dirigido a la comunidad de desarrolladores y con un<strong> precio de 3.000 d\u00f3lares.<\/strong> Si alguien puede hacer que <strong>la realidad aumentada y virtual sea atractiva, desarrollar un ecosistema de auriculares de consumo e impulsar su adopci\u00f3n, ese es Apple<\/strong>\u00ab, destaca <strong>Ben Laidler,<\/strong> estratega de mercados globales de la plataforma de inversi\u00f3n en multiactivos eToro.<\/p>\n<p>Seg\u00fan su criterio, este producto \u00abpodr\u00eda <strong>tomar el relevo del QuestPro de Meta<\/strong>, reiniciar el metaverso y dar otro impulso a la demanda de chips semiconductores de alto rendimiento\u00bb.<\/p>\n<p>Meta present\u00f3 la semana pasada su nuevo casco de realidad virtual, el <strong><a href=\"https:\/\/www.bolsamania.com\/noticias\/criptodivisas\/meta-lanza-sorpresa-gafas-meta-quest-3-presentar-batalla-apple--13610158.html\" rel=\"noopener noreferrer\" target=\"_blank\" rel=\"nofollow\" >Meta Quest 3<\/a>, <\/strong>que llegar\u00e1n este oto\u00f1o y cuyo <strong>coste inicial ser\u00e1 de 499,99 d\u00f3lares para el modelo de 128 GB<\/strong>. \u201cLos primeros auriculares convencionales con realidad mixta en color de alta resoluci\u00f3n. Un 40% m\u00e1s finos y c\u00f3modos. <strong>Mejores pantallas y resoluci\u00f3n.<\/strong> Chipset (Snapdragon) de Qualcomm de \u00faltima generaci\u00f3n con el doble de rendimiento gr\u00e1fico. Nuestro casco m\u00e1s potente\u201d, indic\u00f3 <strong>Mark Zuckerberg<\/strong>, CEO de la matriz de Facebook.<\/p>\n<p>De esta manera, Apple presentar\u00e1 un producto que se antoja clave en su competencia con el resto de compa\u00f1\u00edas y en el futuro de la tecnolog\u00eda. En cuanto a su dise\u00f1o, los analistas aseguran <strong>ser\u00e1n parecidas a gafas de esqu\u00ed que combinar\u00e1n la realidad virtual, en la que el usuario entra en un mundo virtual, y la \u00abrealidad aumentada\u00bb<\/strong>, en la que se superponen im\u00e1genes digitales.<\/p>\n<p>Laidler considera que el casco de Apple supondr\u00e1 \u00ab<strong>su mayor lanzamiento desde el iWatch en 2015 y los AirPods en 2016<\/strong>\u00ab.<\/p>\n<p>\u00abEsto podr\u00eda suponer un importante impulso para el negocio de &#8216;wearables, hogar y accesorios&#8217;, que ha crecido hasta suponer el 10% de los ingresos de Apple, solo por detr\u00e1s del iPhone (66%) y los servicios de alto margen (21%).<strong> El lanzamiento de los auriculares se adelantar\u00eda al probable lanzamiento del iPhone 15 y el iWatch 9 en septiembre<\/strong>\u00ab, destaca.<\/p>\n<p>Es posible que su comercializaci\u00f3n no llegue en este a\u00f1o fiscal, aunque se espera que <strong>su venta genere un aumento de los ingresos del 7% para el ejercicio 2024.<\/strong> Adem\u00e1s, los analistas apuntan que su potencial no terminar\u00e1 de explotar hasta que se materialice una evoluci\u00f3n en las tecnolog\u00edas complementarias.<\/p>\n<p>\u00abHay una<strong> gama realmente amplia de tecnolog\u00edas que deben unirse para que este tipo de dispositivos y experiencias est\u00e9n en una forma compacta<\/strong> en la que t\u00fa y yo podamos caminar durante todo el d\u00eda con un par de anteojos inteligentes\u00bb, destaca <strong>Timo Toikkanen<\/strong>, director ejecutivo del fabricante Varjo, en declaraciones recogidas por &#8216;Financial Times&#8217;.<\/p>\n<p>Seg\u00fan su experiencia, \u00abse necesitan<strong> avances en \u00f3ptica, en administraci\u00f3n de energ\u00eda, en administraci\u00f3n t\u00e9rmica y potencia de c\u00f3mputo<\/strong>\u00ab, puesto que \u00abes una categor\u00eda de productos muy compleja y tomar\u00e1 mucho tiempo para que todo eso suceda, y luego para que todo eso se miniaturice\u00bb.<\/p>\n<p>Adem\u00e1s, durante la Conferencia de Desarrolladores puede haber m\u00e1s presentaciones, como \u00ablas <strong>t\u00edpicas actualizaciones de software de sus productos iPhone, iPad, iWatch y Mac<\/strong>\u00ab.<\/p>\n<\/p>\n<p>&#013;<br \/>\nSource: Bolsamania.com<\/p>\n","protected":false},"excerpt":{"rendered":"<p>\u00abHay grandes expectativas de que Apple presente un casco de realidad aumentada y virtual con el nombre provisional de \u00abReality&#8230;<\/p>\n","protected":false},"author":1,"featured_media":0,"comment_status":"open","ping_status":"closed","sticky":false,"template":"","format":"standard","meta":[],"categories":[104],"tags":[99],"_links":{"self":[{"href":"https:\/\/tuavaluo.com\/avaluo\/wp-json\/wp\/v2\/posts\/62321"}],"collection":[{"href":"https:\/\/tuavaluo.com\/avaluo\/wp-json\/wp\/v2\/posts"}],"about":[{"href":"https:\/\/tuavaluo.com\/avaluo\/wp-json\/wp\/v2\/types\/post"}],"author":[{"embeddable":true,"href":"https:\/\/tuavaluo.com\/avaluo\/wp-json\/wp\/v2\/users\/1"}],"replies":[{"embeddable":true,"href":"https:\/\/tuavaluo.com\/avaluo\/wp-json\/wp\/v2\/comments?post=62321"}],"version-history":[{"count":0,"href":"https:\/\/tuavaluo.com\/avaluo\/wp-json\/wp\/v2\/posts\/62321\/revisions"}],"wp:attachment":[{"href":"https:\/\/tuavaluo.com\/avaluo\/wp-json\/wp\/v2\/media?parent=62321"}],"wp:term":[{"taxonomy":"category","embeddable":true,"href":"https:\/\/tuavaluo.com\/avaluo\/wp-json\/wp\/v2\/categories?post=62321"},{"taxonomy":"post_tag","embeddable":true,"href":"https:\/\/tuavaluo.com\/avaluo\/wp-json\/wp\/v2\/tags?post=62321"}],"curies":[{"name":"wp","href":"https:\/\/api.w.org\/{rel}","templated":true}]}}