{"id":63191,"date":"2023-06-22T11:01:28","date_gmt":"2023-06-22T11:01:28","guid":{"rendered":"https:\/\/tuavaluo.com\/avaluo\/2023\/06\/22\/los-sindicatos-piden-aprobar-ya-el-estatuto-del-becario-lo-demas-es-liarla\/"},"modified":"2023-06-22T11:01:28","modified_gmt":"2023-06-22T11:01:28","slug":"los-sindicatos-piden-aprobar-ya-el-estatuto-del-becario-lo-demas-es-liarla","status":"publish","type":"post","link":"https:\/\/tuavaluo.com\/avaluo\/2023\/06\/22\/los-sindicatos-piden-aprobar-ya-el-estatuto-del-becario-lo-demas-es-liarla\/","title":{"rendered":"Los sindicatos piden aprobar ya el Estatuto del Becario: &quot;Lo dem\u00e1s es liarla&quot;"},"content":{"rendered":"<p>Por un lado, el secretario general de UGT, Pepe \u00c1lvarez, ha instado al Ejecutivo de coalici\u00f3n a que se apruebe un texto que \u201cno tiene pegas\u201d, ya que \u201clo dem\u00e1s es liarla\u201d. \u00c1lvarez ha destacado que el acuerdo ven\u00eda \u201cde lejos\u201d y que solo se reabri\u00f3 la mesa de negociaci\u00f3n por solicitud de la CEOE, la cual se descolg\u00f3 finalmente del acuerdo. El secretario general de UGT ha subrayado que los sindicatos accedieron tras consultarlo internamente a sabiendas de que \u201c\u00edbamos a tener que rebajar nuestras exigencias\u201d, ya que contar con la patronal proporcionar\u00eda m\u00e1s estabilidad.<\/p>\n<p>\u201cLa excusa de la CEOE es que ahora hay elecciones, pero es que llevamos as\u00ed desde mediados de marzo. No podemos esperar hasta a octubre y tener a becarios y becarias en una situaci\u00f3n de explotaci\u00f3n absolutamente intolerable\u201d, ha sentenciado durante su intervenci\u00f3n en los Cursos de Verano organizados por la APIE y la Universidad Internacional Men\u00e9ndez Pelayo.<\/p>\n<p>Por su parte, Unai Sordo, secretario general de CCOO, ha subrayado que el acuerdo con el Gobierno es v\u00e1lido ya que fue suscrito con el \u201cministerio competente\u201d como es el de Trabajo y Econom\u00eda Social. \u201cExigimos que vaya al Bolet\u00edn Oficial del Estado. Se ha demorado de forma exagerada para incorporar a CEOE y con presiones por tierra, mar y aire\u201d, ha recalcado Sordo, al tiempo que ha aseverado que las organizaciones sindicales van a exigir \u201chasta el \u00faltimo d\u00eda\u201d que el Estatuto \u201cvea la luz por mucho que las c\u00e1maras est\u00e9n disueltas\u201d.<\/p>\n<h3>CR\u00cdTICA AL PP Y VOX<\/h3>\n<p>Por otro lado, ambos dirigentes sindicales han aprovechado para criticar las recientes declaraciones del l\u00edder del Partido Popular, Alberto N\u00fa\u00f1ez Feij\u00f3o, quien ha prometido derogar diversas leyes promovidas por el actual Gobierno como la reforma laboral o la reforma de las pensiones y otras medidas votadas junto a partidos independentistas como Bildu o Esquerra Republicana.<\/p>\n<p>Sordo ha se\u00f1alado que \u201ceso significa que no va a cambiar una coma de la reforma laboral\u201d, una medida que \u201csu propio partido vot\u00f3 a favor de Bildu\u201d y ha subrayado que son menos las leyes votadas por el Gobierno junto a Bildu que junto con el PP.<\/p>\n<p>Para el secretario general de Comisiones Obreras, es \u201cimportante\u201d que los partidos concurran a las elecciones \u201csin cortinas de humo\u201d y ha instado al l\u00edder de los populares a que explique \u201csi van a aumentar o van a reducir el Salario M\u00ednimo Interprofesional (SMI)\u201d o si no quiere \u201crevalorizar las pensiones con el IPC\u201d. \u201cQue lo diga, pero que no utilice a Bildu como cortina de humo\u201d, ha pedido Sordo.<\/p>\n<p>Asimismo, el l\u00edder sindical ha destacado que la derogaci\u00f3n de las medidas no ser\u00e1 una tarea sencilla ya que \u201cest\u00e1n pactadas con Europa\u201d y est\u00e1n dando \u201cresultados positivos\u201d.<\/p>\n<p>A este respecto, Pepe \u00c1lvarez ha subrayado que es complicado plantear hip\u00f3tesis en este frente pues \u201cni siquiera sabemos c\u00f3mo va a ser el resultado de las elecciones\u201d. \u201cDesde mi punto de vista, hay que ver cu\u00e1l es la situaci\u00f3n y c\u00f3mo se ir\u00e1 desarrollando\u201d, ha incidido.<\/p>\n<p>En este sentido, Sordo ha indicado que \u201chay partido\u201d en las elecciones y ha alertado sobre la \u201cola reaccionaria\u201d que amenaza con poner en peligro a Europa. \u201cSoy consciente de que si en Espa\u00f1a hay influencia o entran las fuerzas de extrema derecha en el Gobierno, no habr\u00e1 solo un problema con las reformas pactadas, sino con el marco constitucional\u201d, ha advertido.<\/p>\n<p>\u201cEl Frente Nacional en Francia, el Gobierno de Polonia o el de Hungr\u00eda, Alternativa por Alemania, Vox en Espa\u00f1a\u2026 toda esta caterva de partidos reaccionarios son un riesgo evidente para Europa si alcanzan una posici\u00f3n preeminente porque no comparten la integraci\u00f3n econ\u00f3mica del proyecto europeo\u201d, ha concluido.<\/p>\n<p>&#013;<br \/>\nSource: Bolsamania.com<\/p>\n","protected":false},"excerpt":{"rendered":"<p>Por un lado, el secretario general de UGT, Pepe \u00c1lvarez, ha instado al Ejecutivo de coalici\u00f3n a que se apruebe&#8230;<\/p>\n","protected":false},"author":1,"featured_media":0,"comment_status":"open","ping_status":"closed","sticky":false,"template":"","format":"standard","meta":[],"categories":[104],"tags":[99],"_links":{"self":[{"href":"https:\/\/tuavaluo.com\/avaluo\/wp-json\/wp\/v2\/posts\/63191"}],"collection":[{"href":"https:\/\/tuavaluo.com\/avaluo\/wp-json\/wp\/v2\/posts"}],"about":[{"href":"https:\/\/tuavaluo.com\/avaluo\/wp-json\/wp\/v2\/types\/post"}],"author":[{"embeddable":true,"href":"https:\/\/tuavaluo.com\/avaluo\/wp-json\/wp\/v2\/users\/1"}],"replies":[{"embeddable":true,"href":"https:\/\/tuavaluo.com\/avaluo\/wp-json\/wp\/v2\/comments?post=63191"}],"version-history":[{"count":0,"href":"https:\/\/tuavaluo.com\/avaluo\/wp-json\/wp\/v2\/posts\/63191\/revisions"}],"wp:attachment":[{"href":"https:\/\/tuavaluo.com\/avaluo\/wp-json\/wp\/v2\/media?parent=63191"}],"wp:term":[{"taxonomy":"category","embeddable":true,"href":"https:\/\/tuavaluo.com\/avaluo\/wp-json\/wp\/v2\/categories?post=63191"},{"taxonomy":"post_tag","embeddable":true,"href":"https:\/\/tuavaluo.com\/avaluo\/wp-json\/wp\/v2\/tags?post=63191"}],"curies":[{"name":"wp","href":"https:\/\/api.w.org\/{rel}","templated":true}]}}