{"id":63426,"date":"2023-06-27T14:55:53","date_gmt":"2023-06-27T14:55:53","guid":{"rendered":"https:\/\/tuavaluo.com\/avaluo\/2023\/06\/27\/el-gobierno-prorroga-la-bonificacion-del-combustible-para-los-transportistas\/"},"modified":"2023-06-27T14:55:53","modified_gmt":"2023-06-27T14:55:53","slug":"el-gobierno-prorroga-la-bonificacion-del-combustible-para-los-transportistas","status":"publish","type":"post","link":"https:\/\/tuavaluo.com\/avaluo\/2023\/06\/27\/el-gobierno-prorroga-la-bonificacion-del-combustible-para-los-transportistas\/","title":{"rendered":"El Gobierno prorroga la bonificaci\u00f3n del combustible para los transportistas"},"content":{"rendered":"<p>Para las <strong>flotas movidas por gas<\/strong> se prev\u00e9 una compensaci\u00f3n de 13 c\u00e9ntimos hasta septiembre y de 7 c\u00e9ntimos de euros durante el \u00faltimo trimestre del a\u00f1o, dadas las especiales circunstancias a las que se enfrenta el precio del gas en esta etapa.<\/p>\n<p>Seg\u00fan ha informado el Ministerio de Transportes, Movilidad y Agenda Urbana (Mitma), el objetivo de las ayudas es <strong>mitigar el impacto del incremento del precio de los carburantes<\/strong> provocado por la invasi\u00f3n rusa a Ucrania y contribuir a garantizar la sostenibilidad econ\u00f3mica del transporte profesional de pasajeros y mercanc\u00edas, un sector fundamental para la econom\u00eda, que se ve especialmente impactado por su dependencia de estas fuentes de energ\u00eda.<\/p>\n<p>El Departamento que dirige Raquel S\u00e1nchez ha asegurado que <strong>realizar\u00e1 un seguimiento continuo de la evoluci\u00f3n de los precios del combustible<\/strong> y del impacto de las ayudas para verificar su efectividad e idoneidad.<\/p>\n<p>\u00abLa pr\u00f3rroga de esta medida confirma el <strong>compromiso del Gobierno y el Ministerio con un sector esencial<\/strong>, con el que se trabaja estrechamente para garantizar su sostenibilidad y <strong>corregir las asimetr\u00edas existentes<\/strong> en el mismo, mejorando su posici\u00f3n y competitividad, y unas condiciones laborales adecuadas y de protecci\u00f3n social para los conductores, adoptando medidas estructurales y aprobando ayudas coyunturales\u00bb, ha resaltado el Ministerio.<\/p>\n<h3>C\u00c1LCULO DE LAS BONIFICACIONES<\/h3>\n<p>El texto recoge <strong>dos mecanismos para calcular y abonar las ayudas de 10 y 5 c\u00e9ntimos de euros por litro<\/strong> a los transportistas en funci\u00f3n de si tienen derecho o no a la devoluci\u00f3n parcial del impuesto sobre hidrocarburos.<\/p>\n<p>En el caso de las <strong>empresas que se benefician de la devoluci\u00f3n del gas\u00f3leo profesional<\/strong>, la ayuda se abonar\u00e1 al finalizar cada mes de aplicaci\u00f3n de la medida, junto a la devoluci\u00f3n parcial del impuesto de hidrocarburos, y se calcular\u00e1 en funci\u00f3n de los litros consumidos y pagados con las tarjetas de gas\u00f3leo profesional.<\/p>\n<p>Por otro lado, <strong>se establece un sistema de ayudas directas para las empresas y trabajadores aut\u00f3nomos<\/strong> que no se benefician de la devoluci\u00f3n del gas\u00f3leo profesional. Los beneficiarios deber\u00e1n solicitar la ayuda a trav\u00e9s de la sede electr\u00f3nica de la Agencia Estatal de Administraci\u00f3n Tributaria entre el 18 de septiembre y el 31 de octubre de 2023, que, una vez aprobada, se abonar\u00e1 en un \u00fanico pago.<\/p>\n<p><strong>La bonificaci\u00f3n se calcula estimando el consumo, por tipo de veh\u00edculo, en un periodo de seis meses<\/strong>: del 1 de julio de 2023 al 31 de diciembre de 2023.<\/p>\n<h3>LOS TRANSPORTISTAS PIDEN REVISAR LA MEDIDA<\/h3>\n<p>La <strong>Confederaci\u00f3n Espa\u00f1ola de Transporte de Mercanc\u00edas (CETM)<\/strong> ha valorado que el Gobierno cumpla con su compromiso y haya decidido mantener en cierta manera las ayudas al sector, pero <strong>considera que ser\u00e1 insuficiente si los precios siguen al alza<\/strong>.<\/p>\n<p>Por tanto, solicitan que, \u00aben caso de que la situaci\u00f3n cambie y se alcancen niveles notoriamente superiores a los actuales, <strong>el Ejecutivo reconsidere esta medida y se comprometa con el sector a estudiar la situaci\u00f3n<\/strong> y elevar el descuento si fuera necesario\u00bb, ha se\u00f1alado la Confederaci\u00f3n en un comunicado de prensa.<\/p>\n<p>De hecho, seg\u00fan recoge el texto de CETM, el Mitma ha asegurado en su nota de prensa que <strong>realizar\u00e1 \u00abun seguimiento<\/strong> continuo\u00bb de la evoluci\u00f3n de los precios para verificar su efectividad y \u00ab<strong>esperamos que as\u00ed sea<\/strong>\u00ab.<\/p>\n<p>\u00abCabe destacar que una medida como esta, que <strong>ayudar\u00e1 a garantizar la viabilidad de las empresas de transporte<\/strong>, no supone un gran perjuicio para las Arcas del Estado, sino simplemente una menor recaudaci\u00f3n ya que, entre el IVA y el Impuesto Especial Sobre Hidrocarburos, el Estado recauda 65 c\u00e9ntimos por litro, de los que, solo 10 c\u00e9ntimos en la primera fase y cinco en la segunda, se dedicar\u00e1n al descuento\u00bb, han manifestado.<\/p>\n<p>Por \u00faltimo, desde la CETM esperan que <strong>el Gobierno que se forme tras las elecciones del 23 de julio siga teniendo en cuenta al transporte de mercanc\u00edas por carretera<\/strong> como un sector vital para el funcionamiento de las cadenas de suministro y el buen estado de la econom\u00eda espa\u00f1ola.<\/p>\n<\/p>\n<p>&#013;<br \/>\nSource: Bolsamania.com<\/p>\n","protected":false},"excerpt":{"rendered":"<p>Para las flotas movidas por gas se prev\u00e9 una compensaci\u00f3n de 13 c\u00e9ntimos hasta septiembre y de 7 c\u00e9ntimos de&#8230;<\/p>\n","protected":false},"author":1,"featured_media":0,"comment_status":"open","ping_status":"closed","sticky":false,"template":"","format":"standard","meta":[],"categories":[104],"tags":[99],"_links":{"self":[{"href":"https:\/\/tuavaluo.com\/avaluo\/wp-json\/wp\/v2\/posts\/63426"}],"collection":[{"href":"https:\/\/tuavaluo.com\/avaluo\/wp-json\/wp\/v2\/posts"}],"about":[{"href":"https:\/\/tuavaluo.com\/avaluo\/wp-json\/wp\/v2\/types\/post"}],"author":[{"embeddable":true,"href":"https:\/\/tuavaluo.com\/avaluo\/wp-json\/wp\/v2\/users\/1"}],"replies":[{"embeddable":true,"href":"https:\/\/tuavaluo.com\/avaluo\/wp-json\/wp\/v2\/comments?post=63426"}],"version-history":[{"count":0,"href":"https:\/\/tuavaluo.com\/avaluo\/wp-json\/wp\/v2\/posts\/63426\/revisions"}],"wp:attachment":[{"href":"https:\/\/tuavaluo.com\/avaluo\/wp-json\/wp\/v2\/media?parent=63426"}],"wp:term":[{"taxonomy":"category","embeddable":true,"href":"https:\/\/tuavaluo.com\/avaluo\/wp-json\/wp\/v2\/categories?post=63426"},{"taxonomy":"post_tag","embeddable":true,"href":"https:\/\/tuavaluo.com\/avaluo\/wp-json\/wp\/v2\/tags?post=63426"}],"curies":[{"name":"wp","href":"https:\/\/api.w.org\/{rel}","templated":true}]}}