{"id":63754,"date":"2023-07-04T07:28:54","date_gmt":"2023-07-04T07:28:54","guid":{"rendered":"https:\/\/tuavaluo.com\/avaluo\/2023\/07\/04\/la-seguridad-social-registra-nuevo-record-de-afiliacion-en-junio-al-sumar-54-541-ocupados\/"},"modified":"2023-07-04T07:28:54","modified_gmt":"2023-07-04T07:28:54","slug":"la-seguridad-social-registra-nuevo-record-de-afiliacion-en-junio-al-sumar-54-541-ocupados","status":"publish","type":"post","link":"https:\/\/tuavaluo.com\/avaluo\/2023\/07\/04\/la-seguridad-social-registra-nuevo-record-de-afiliacion-en-junio-al-sumar-54-541-ocupados\/","title":{"rendered":"La Seguridad Social registra nuevo r\u00e9cord de afiliaci\u00f3n en junio al sumar 54.541 ocupados"},"content":{"rendered":"<div class=\"read-more-links\">\n<h5>Noticia relacionada<\/h5>\n<p><a class=\"readMore\" href=\"https:\/\/www.bolsamania.com\/noticias\/economia\/paro-cae-50268-personas-junio-baja-27-millones-minimos-2008--13910052.html\" rel=\"noopener noreferrer\" target=\"_blank\" data-id=\"13910052\" rel=\"nofollow\" ><\/p>\n<figure><img class=\"lazy\" title=\"Leer m&#xE1;s\" data-original=\"https:\/\/img6.s3wfg.com\/web\/img\/images_uploaded\/f\/b\/ep_archivo_-_paro_parados_inem_285x185.jpg\" data-src=\"https:\/\/img6.s3wfg.com\/web\/img\/images_uploaded\/f\/b\/ep_archivo_-_paro_parados_inem_285x185.jpg\" \/><\/figure>\n<p>El paro cae en 50.268 personas en junio y baja de los 2,7 millones, a m\u00ednimos de 2008 <\/a><\/div>\n<p>El porcentaje de afiliados con contrato temporal se mantiene en el m\u00ednimo hist\u00f3rico del 14%, menos de la mitad del que se registraba antes de la reforma (30%).<\/p>\n<p>En el caso de los menores de 30 a\u00f1os, la tasa de temporalidad se ha reducido en 31 puntos respecto al nivel que ten\u00eda antes de la reforma, pasando del 53% al 22%. <\/p>\n<\/p>\n<p>En conjunto, ahora hay 3 millones de afiliados m\u00e1s con contrato indefinido que en diciembre de 2021, el \u00faltimo mes antes de la entrada en vigor de la reforma. Otro indicador del incremento de la estabilidad es el aumento de la duraci\u00f3n media de los contratos que han causado baja. Entre enero y mayo de este a\u00f1o, ha crecido un 29% en comparaci\u00f3n con las cifras del mismo periodo de 2019, \u00faltimo a\u00f1o homologable anterior al impacto de la pandemia. <\/p>\n<\/p>\n<p>Por otra parte, el n\u00famero de trabajadores en ERTE se mantiene en niveles m\u00ednimos, en el entorno de los 12.000 afiliados, y suponen el 0,1% del total de afiliados.  <\/p>\n<\/p>\n<p>El fuerte dinamismo del mercado laboral est\u00e1 contribuyendo a reforzar la sostenibilidad del sistema de pensiones, de forma que los ingresos por cotizaciones sociales han registrado hasta abril un crecimiento del 9,7%. Si se descuenta el efecto de los ingresos provenientes del Mecanismo de Equidad Intergeneracional (MEI), que se ha empezado a aplicar en enero de 2023, las cotizaciones crecen a un ritmo del 8,1%, una tasa superior a la de los a\u00f1os anteriores. Por \u00faltimo, la mejor\u00eda del empleo sit\u00faa la ratio cotizante por pensionista en 2,39, en m\u00e1ximos de la d\u00e9cada.  <\/p>\n<\/p>\n<p>En el conjunto en los primeros seis meses del a\u00f1o se han creado 448.065 empleos, complet\u00e1ndose el mejor periodo enero-junio de toda la serie hist\u00f3rica. Se trata de una cifra de creaci\u00f3n de empleo similar a la que hubo en el conjunto de 2022, que fue un ejercicio de gran dinamismo en el mercado laboral y el segundo mejor semestre de la serie, s\u00f3lo superado por el periodo julio-diciembre de 2020, fuertemente condicionado por la pandemia.<\/p>\n<\/p>\n<p>Respecto al nivel previo a la pandemia (febrero 2020), la afiliaci\u00f3n ha crecido en m\u00e1s de 1,3 millones de personas en t\u00e9rminos ajustados, de los que tres de cada cuatro son en el sector privado. El crecimiento del empleo respecto al nivel previo a la pandemia es especialmente din\u00e1mico en sectores de alto valor a\u00f1adido como Inform\u00e1tica y Telecomunicaciones, cuyo n\u00famero de afiliados ha crecido un 22,7% respecto a los que registraba antes de la pandemia, o Actividades Profesionales, Cient\u00edficas y T\u00e9cnicas, que presenta un crecimiento del 13,3%. Desde el fin de la pandemia, uno de cada cuatro nuevos afiliados (casi 272.000 en t\u00e9rminos absolutos) se ha incorporado a estos dos sectores altamente productivos. <\/p>\n<\/p>\n<p>Tambi\u00e9n el crecimiento del empleo entre los j\u00f3venes es superior al de la media del mercado laboral, un 10,2% desde 2019 frente al 6,9% de promedio. En el empleo femenino tambi\u00e9n hay mayor dinamismo respecto a 2019. En concreto, ha aumentado un 8,6%, tres puntos m\u00e1s de lo que lo ha hecho el de los hombres, situ\u00e1ndose en junio en 9,826 millones de ocupadas, el m\u00e1ximo de la serie hist\u00f3rica.  <\/p>\n<p>&#013;<br \/>\nSource: Bolsamania.com<\/p>\n","protected":false},"excerpt":{"rendered":"<p>Noticia relacionada El paro cae en 50.268 personas en junio y baja de los 2,7 millones, a m\u00ednimos de 2008&#8230;<\/p>\n","protected":false},"author":1,"featured_media":63755,"comment_status":"open","ping_status":"closed","sticky":false,"template":"","format":"standard","meta":[],"categories":[104],"tags":[99],"_links":{"self":[{"href":"https:\/\/tuavaluo.com\/avaluo\/wp-json\/wp\/v2\/posts\/63754"}],"collection":[{"href":"https:\/\/tuavaluo.com\/avaluo\/wp-json\/wp\/v2\/posts"}],"about":[{"href":"https:\/\/tuavaluo.com\/avaluo\/wp-json\/wp\/v2\/types\/post"}],"author":[{"embeddable":true,"href":"https:\/\/tuavaluo.com\/avaluo\/wp-json\/wp\/v2\/users\/1"}],"replies":[{"embeddable":true,"href":"https:\/\/tuavaluo.com\/avaluo\/wp-json\/wp\/v2\/comments?post=63754"}],"version-history":[{"count":0,"href":"https:\/\/tuavaluo.com\/avaluo\/wp-json\/wp\/v2\/posts\/63754\/revisions"}],"wp:featuredmedia":[{"embeddable":true,"href":"https:\/\/tuavaluo.com\/avaluo\/wp-json\/wp\/v2\/media\/63755"}],"wp:attachment":[{"href":"https:\/\/tuavaluo.com\/avaluo\/wp-json\/wp\/v2\/media?parent=63754"}],"wp:term":[{"taxonomy":"category","embeddable":true,"href":"https:\/\/tuavaluo.com\/avaluo\/wp-json\/wp\/v2\/categories?post=63754"},{"taxonomy":"post_tag","embeddable":true,"href":"https:\/\/tuavaluo.com\/avaluo\/wp-json\/wp\/v2\/tags?post=63754"}],"curies":[{"name":"wp","href":"https:\/\/api.w.org\/{rel}","templated":true}]}}