{"id":63849,"date":"2023-07-05T11:22:55","date_gmt":"2023-07-05T11:22:55","guid":{"rendered":"https:\/\/tuavaluo.com\/avaluo\/2023\/07\/05\/una-operacion-entre-endesa-y-repsol-parece-ser-el-deseo-de-unos-pocos\/"},"modified":"2023-07-05T11:22:55","modified_gmt":"2023-07-05T11:22:55","slug":"una-operacion-entre-endesa-y-repsol-parece-ser-el-deseo-de-unos-pocos","status":"publish","type":"post","link":"https:\/\/tuavaluo.com\/avaluo\/2023\/07\/05\/una-operacion-entre-endesa-y-repsol-parece-ser-el-deseo-de-unos-pocos\/","title":{"rendered":"Una operaci\u00f3n entre Endesa y Repsol &quot;parece ser el deseo de unos pocos&quot;"},"content":{"rendered":"<p>Tras analizar la informaci\u00f3n que public\u00f3 este martes &#8216;El Confidencial&#8217; y la <strong><a href=\"https:\/\/www.bolsamania.com\/noticias\/empresas\/enel-niega-vaya-vender-endesa-ni-ahora-ni-en-futuro-noticia-es-falso--13910184.html\" rel=\"noopener noreferrer\" target=\"_blank\" rel=\"nofollow\" >posterior respuesta de Enel<\/a><\/strong>, negando rotundamente que est\u00e9 negociando o pensando en vender el 70% de Endesa a Repsol, los analistas de Citi se\u00f1alan que \u00absi bien podr\u00edamos ver la raz\u00f3n para que un <strong>gobierno del PP quiere que Endesa sea espa\u00f1ola<\/strong>\u00ab; y que la operaci\u00f3n <strong>\u00abpodr\u00eda proporcionar una plataforma de crecimiento renovable para Repsol<\/strong>\u00ab, a\u00f1aden que \u00ab<strong>esto parece ser el deseo de algunas personas<\/strong>, en lugar de algo con el respaldo de los gobiernos o accionistas en su forma actual\u00bb.<\/p>\n<h3>NEGATIVA ROTUNDA DE ENEL<\/h3>\n<p>La el\u00e9ctrica italiana <strong><a href=\"https:\/\/www.bolsamania.com\/noticias\/empresas\/consejo-enel-nombra-flavio-cattaneo-consejero-delegado-director-general--13379950.html\" rel=\"noopener noreferrer\" target=\"_blank\" rel=\"nofollow\" >Enel<\/a><\/strong>, m\u00e1xima accionista de <strong><a href=\"https:\/\/www.bolsamania.com\/noticias\/empresas\/endesa-nombra-vicepresidente-consejo-flavio-cattaneo--13777432.html\" rel=\"noopener noreferrer\" target=\"_blank\" rel=\"nofollow\" >Endesa<\/a><\/strong> con el 70% del capital, <strong>desminti\u00f3 rotundamente <\/strong>que est\u00e9 valorando vender la participaci\u00f3n en su filial espa\u00f1ola.<\/p>\n<p>Ante la informaci\u00f3n publicada por el diario digital, el grupo explic\u00f3 que \u00ab<strong>Enel rechaza los rumores sobre Endesa como totalmente infundados<\/strong>\u00ab.<\/p>\n<p>En este sentido, a\u00f1adi\u00f3 que \u00ab<strong>Enel no tiene intenci\u00f3n de vender sus participaciones en Endesa, ni ahora ni en el futuro<\/strong>, ya que la compa\u00f1\u00eda es un <strong>activo clave para su estrategia<\/strong>, e informa de que<strong> no existe discusi\u00f3n alguna sobre este tema<\/strong>\u00ab.<\/p>\n<p>Por \u00faltimo, se\u00f1al\u00f3 que \u00ab<strong>nunca<\/strong> ha habido ninguna reuni\u00f3n entre los <strong>directivos de Enel y Repsol, ni con Borja Prado<\/strong>. Estas <strong>noticias falsas<\/strong> corren el riesgo de <strong>tener efectos distorsionadores<\/strong> sobre la evoluci\u00f3n del mercado burs\u00e1til\u00bb.<\/p>\n<p>Seg\u00fan la informaci\u00f3n publicada, el presidente de Repsol, <strong>Antonio Brufau<\/strong>, se reuni\u00f3 en la sede de la petrolera con <strong>Borja Prado<\/strong> (ex presidente de Endesa) para analizar una <strong>potencial compra total o parcial<\/strong> de Endesa por parte de la petrolera.<\/p>\n<p>&#013;<br \/>\nSource: Bolsamania.com<\/p>\n","protected":false},"excerpt":{"rendered":"<p>Tras analizar la informaci\u00f3n que public\u00f3 este martes &#8216;El Confidencial&#8217; y la posterior respuesta de Enel, negando rotundamente que est\u00e9&#8230;<\/p>\n","protected":false},"author":1,"featured_media":0,"comment_status":"open","ping_status":"closed","sticky":false,"template":"","format":"standard","meta":[],"categories":[104],"tags":[99],"_links":{"self":[{"href":"https:\/\/tuavaluo.com\/avaluo\/wp-json\/wp\/v2\/posts\/63849"}],"collection":[{"href":"https:\/\/tuavaluo.com\/avaluo\/wp-json\/wp\/v2\/posts"}],"about":[{"href":"https:\/\/tuavaluo.com\/avaluo\/wp-json\/wp\/v2\/types\/post"}],"author":[{"embeddable":true,"href":"https:\/\/tuavaluo.com\/avaluo\/wp-json\/wp\/v2\/users\/1"}],"replies":[{"embeddable":true,"href":"https:\/\/tuavaluo.com\/avaluo\/wp-json\/wp\/v2\/comments?post=63849"}],"version-history":[{"count":0,"href":"https:\/\/tuavaluo.com\/avaluo\/wp-json\/wp\/v2\/posts\/63849\/revisions"}],"wp:attachment":[{"href":"https:\/\/tuavaluo.com\/avaluo\/wp-json\/wp\/v2\/media?parent=63849"}],"wp:term":[{"taxonomy":"category","embeddable":true,"href":"https:\/\/tuavaluo.com\/avaluo\/wp-json\/wp\/v2\/categories?post=63849"},{"taxonomy":"post_tag","embeddable":true,"href":"https:\/\/tuavaluo.com\/avaluo\/wp-json\/wp\/v2\/tags?post=63849"}],"curies":[{"name":"wp","href":"https:\/\/api.w.org\/{rel}","templated":true}]}}