{"id":64291,"date":"2023-09-13T06:01:49","date_gmt":"2023-09-13T06:01:49","guid":{"rendered":"https:\/\/tuavaluo.com\/avaluo\/2023\/09\/13\/inditex-gana-un-401-mas-en-el-primer-semestre-fiscal-hasta-2-513-millones\/"},"modified":"2023-09-13T06:01:49","modified_gmt":"2023-09-13T06:01:49","slug":"inditex-gana-un-401-mas-en-el-primer-semestre-fiscal-hasta-2-513-millones","status":"publish","type":"post","link":"https:\/\/tuavaluo.com\/avaluo\/2023\/09\/13\/inditex-gana-un-401-mas-en-el-primer-semestre-fiscal-hasta-2-513-millones\/","title":{"rendered":"Inditex gana un 40,1% m\u00e1s en el primer semestre fiscal, hasta 2.513 millones"},"content":{"rendered":"<p>La textil ha dicho que las colecciones de la campa\u00f1a Primavera\/Verano fueron <strong>\u00abmuy bien recibidas\u00bb por los clientes<\/strong>. Las <strong>ventas crecieron un 13,5%, hasta 16.851 millones<\/strong>, con una evoluci\u00f3n \u00abmuy satisfactoria\u00bb tanto en tienda como online, ha remarcado la compa\u00f1\u00eda. Tambi\u00e9n ha subrayado que <strong>la evoluci\u00f3n ha sido positiva en todas las \u00e1reas geogr\u00e1ficas y en todos los formatos<\/strong>. Las ventas a tipo de cambio constante crecieron un 16,6%.<\/p>\n<p>\u201cLos resultados en este semestre demuestran que el talento de nuestros equipos consolida las mejoras en el desempe\u00f1o del modelo de negocio. La permanente apuesta por la creatividad, la calidad del producto y la experiencia del cliente, as\u00ed como el avance decidido en sostenibilidad, conforman una estrategia que lleva a nuestro modelo de negocio a un nivel superior\u201d, ha declarado \u00d3scar Garc\u00eda Maceiras, consejero delegado de Inditex.<\/p>\n<p><strong>El margen bruto aument\u00f3 un 14,1%, hasta 9.801 millones de euros<\/strong>, y se situ\u00f3 en el 58,2% de las ventas (+27 puntos b\u00e1sicos respecto al primer semestre de 2022).<\/p>\n<p>El <strong>resultado operativo (EBITDA) se increment\u00f3 un 15,7%, hasta 4.663 millones de euros<\/strong>, mientras que el <strong>EBIT creci\u00f3 un 30,2%, situ\u00e1ndose en 3.164 millones de euros<\/strong>, y el beneficio antes de impuestos un 39%, alcanzando los 3.252 millones de euros.<\/p>\n<p>Inditex ha comunicado que todas las l\u00edneas de gasto han evolucionado favorablemente y ha indicado que <strong>los gastos operativos crecieron un 12,5%<\/strong>, por debajo del crecimiento de las ventas.<\/p>\n<div class=\"read-more-links\">\n<h5>Noticia relacionada<\/h5>\n<p><a class=\"readMore\" href=\"https:\/\/www.bolsamania.com\/noticias\/empresas\/inditex-acs-logista-titulos-ibex-subida-libre-rozan-maximos-historicos--14664808.html\" rel=\"noopener noreferrer\" target=\"_blank\" data-id=\"14664808\" rel=\"nofollow\" ><\/p>\n<figure><img class=\"lazy\" title=\"Leer m&#xE1;s\" data-original=\"https:\/\/img4.s3wfg.com\/web\/img\/images_uploaded\/8\/2\/inditex_logista_acs_tema.jpg\" data-src=\"https:\/\/img4.s3wfg.com\/web\/img\/images_uploaded\/8\/2\/inditex_logista_acs_tema.jpg\" \/><\/figure>\n<p>Inditex, ACS, Logista&#8230; T\u00edtulos del Ibex en subida libre o que rozan m\u00e1ximos hist\u00f3ricos <\/a><\/div>\n<p>La compa\u00f1\u00eda tambi\u00e9n ha hecho hincapi\u00e9 en la \u00abfuerte\u00bb generaci\u00f3n de fondos. Ajustados los pagos de arrendamiento, <strong>los flujos generados crecieron un 35,4%<\/strong> y la <strong>caja generada por las operaciones se increment\u00f3 un 57,4%.<\/strong><\/p>\n<p>La <strong>caja neta ha aumentado un 14,1%<\/strong> sobre el primer semestre de 2022, hasta alcanzar los <strong>10.546 millones de euros<\/strong>.<\/p>\n<p>El <strong>dividendo final del ejercicio 2022 (0,60 euros por acci\u00f3n) se pagar\u00e1 el pr\u00f3ximo 2 de noviembre.<\/strong><\/p>\n<p>En el primer semestre se han realizado aperturas en 20 mercados. Al cierre del per\u00edodo, Inditex operaba 5.745 tiendas.<\/p>\n<p>Debido al fuerte desempe\u00f1o operativo durante el primer semestre y a la normalizaci\u00f3n en las condiciones de la cadena de suministro, <strong>el inventario se redujo un 6,9% a 31 de julio de 2023<\/strong> respecto a la misma fecha del a\u00f1o anterior.<\/p>\n<h3>SEGUNDO SEMESTRE<\/h3>\n<p>Las <strong>colecciones de la campa\u00f1a de Oto\u00f1o\/Invierno<\/strong> han sido muy bien recibidas por los clientes, ha adelantado Inditex. Las ventas en tienda y online a tipo de cambio constante entre el <strong>1 de agosto y el 11 de septiembre de 2023 han crecido un 14% con respeto al mismo periodo de 2022.<\/strong><\/p>\n<div class=\"read-more-links\">\n<h5>Noticia relacionada<\/h5>\n<p><a class=\"readMore\" href=\"https:\/\/www.bolsamania.com\/noticias\/mercados\/inditex-bbva-amadeus-100-mejores-empresas-mundo-time--14668114.html\" rel=\"noopener noreferrer\" target=\"_blank\" data-id=\"14668114\" rel=\"nofollow\" ><\/p>\n<figure><img class=\"lazy\" title=\"Leer m&#xE1;s\" data-original=\"https:\/\/img1.s3wfg.com\/web\/img\/images_uploaded\/2\/b\/ep_archivo_-_una_tienda_de_la_franquicia_zara_en_barcelona_a_7_de_agosto_de_2023_en_barcelona_285x185.jpg\" data-src=\"https:\/\/img1.s3wfg.com\/web\/img\/images_uploaded\/2\/b\/ep_archivo_-_una_tienda_de_la_franquicia_zara_en_barcelona_a_7_de_agosto_de_2023_en_barcelona_285x185.jpg\" \/><\/figure>\n<p>Inditex, BBVA y Amadeus, entre las 100 mejores empresas del mundo, seg\u00fan &#8216;Time&#8217; <\/a><\/div>\n<p>Inditex tiene presencia en 213 mercados, con una baja cuota en cada uno de ellos y en un sector altamente fragmentado, por lo que ve <strong>\u00abfuertes oportunidades de crecimiento\u00bb<\/strong>. \u00abSeguimos estimando un creciente aumento de la productividad de las ventas en nuestras tiendas\u00bb, ha manifestado.<\/p>\n<p>La compa\u00f1\u00eda prev\u00e9 que el crecimiento bruto del espacio en 2023 se sit\u00fae alrededor del 3% y contin\u00faa la tarea de optimizaci\u00f3n de las tiendas. Espera que la contribuci\u00f3n del espacio a la venta sea positiva en 2023. \u00abSeguimos experimentando una evoluci\u00f3n muy positiva en la venta online y <strong>esperamos una participaci\u00f3n creciente de la misma en la venta total del grupo<\/strong>\u00ab, ha se\u00f1alado. A los tipos de cambio actuales, Inditex prev\u00e9 un impacto divisa del -3,5% en las ventas en 2023.<\/p>\n<p>En 2023, la compa\u00f1\u00eda espera <strong>un margen bruto estable (+\/-50 pb).<\/strong><\/p>\n<p>En el presente ejercicio se est\u00e1n realizando inversiones para incrementar la capacidad operativa, obtener eficiencias y aumentar la diferenciaci\u00f3n hasta el siguiente nivel. <strong>Estima unas inversiones ordinarias de alrededor de 1.600 millones de euros en 2023.<\/strong><\/p>\n<p>&#013;<br \/>\nSource: Bolsamania.com<\/p>\n","protected":false},"excerpt":{"rendered":"<p>La textil ha dicho que las colecciones de la campa\u00f1a Primavera\/Verano fueron \u00abmuy bien recibidas\u00bb por los clientes. Las ventas&#8230;<\/p>\n","protected":false},"author":1,"featured_media":64292,"comment_status":"open","ping_status":"closed","sticky":false,"template":"","format":"standard","meta":[],"categories":[104],"tags":[99],"_links":{"self":[{"href":"https:\/\/tuavaluo.com\/avaluo\/wp-json\/wp\/v2\/posts\/64291"}],"collection":[{"href":"https:\/\/tuavaluo.com\/avaluo\/wp-json\/wp\/v2\/posts"}],"about":[{"href":"https:\/\/tuavaluo.com\/avaluo\/wp-json\/wp\/v2\/types\/post"}],"author":[{"embeddable":true,"href":"https:\/\/tuavaluo.com\/avaluo\/wp-json\/wp\/v2\/users\/1"}],"replies":[{"embeddable":true,"href":"https:\/\/tuavaluo.com\/avaluo\/wp-json\/wp\/v2\/comments?post=64291"}],"version-history":[{"count":0,"href":"https:\/\/tuavaluo.com\/avaluo\/wp-json\/wp\/v2\/posts\/64291\/revisions"}],"wp:featuredmedia":[{"embeddable":true,"href":"https:\/\/tuavaluo.com\/avaluo\/wp-json\/wp\/v2\/media\/64292"}],"wp:attachment":[{"href":"https:\/\/tuavaluo.com\/avaluo\/wp-json\/wp\/v2\/media?parent=64291"}],"wp:term":[{"taxonomy":"category","embeddable":true,"href":"https:\/\/tuavaluo.com\/avaluo\/wp-json\/wp\/v2\/categories?post=64291"},{"taxonomy":"post_tag","embeddable":true,"href":"https:\/\/tuavaluo.com\/avaluo\/wp-json\/wp\/v2\/tags?post=64291"}],"curies":[{"name":"wp","href":"https:\/\/api.w.org\/{rel}","templated":true}]}}