{"id":64832,"date":"2023-09-25T08:10:28","date_gmt":"2023-09-25T08:10:28","guid":{"rendered":"https:\/\/tuavaluo.com\/avaluo\/2023\/09\/25\/airtificial-cierra-dos-contratos-de-14-millones-para-la-gestion-de-recursos-hidricos-en-peru\/"},"modified":"2023-09-25T08:10:28","modified_gmt":"2023-09-25T08:10:28","slug":"airtificial-cierra-dos-contratos-de-14-millones-para-la-gestion-de-recursos-hidricos-en-peru","status":"publish","type":"post","link":"https:\/\/tuavaluo.com\/avaluo\/2023\/09\/25\/airtificial-cierra-dos-contratos-de-14-millones-para-la-gestion-de-recursos-hidricos-en-peru\/","title":{"rendered":"Airtificial cierra dos contratos de 1,4 millones para la gesti\u00f3n de recursos h\u00eddricos en Per\u00fa"},"content":{"rendered":"<p>El primer acuerdo, alcanzado con <strong>OHLA,<\/strong> tiene una <strong>duraci\u00f3n de seis meses, asciende a cerca de 1 mill\u00f3n de euros y comprende el dise\u00f1o constructivo de las soluciones integrales de la quebrada Aluvi\u00f3n<\/strong>. Esta quebrada, explica la compa\u00f1\u00eda, se integra dentro del Plan Integral para el control de inundaciones que elabor\u00f3 Autoridad de la Reconstrucci\u00f3n con Cambio (ARCC), entidad del Gobierno de Per\u00fa encargada de liderar e implementar <strong>la reconstrucci\u00f3n de la infraestructura da\u00f1ada y destruida por el Fen\u00f3meno de El Ni\u00f1o Costero.<\/strong> Este fen\u00f3meno meteorol\u00f3gico asola peri\u00f3dicamente a la regi\u00f3n, y cada vez con mayor intensidad debido a los efectos del cambio clim\u00e1tico.<\/p>\n<p>\u00abEl dise\u00f1o de las protecciones de estas quebradas es vital para evitar que, durante la temporada de lluvias o fen\u00f3menos medioambientales extremos, como El Ni\u00f1o o El Ni\u00f1o Costero, se activen. La presencia de lluvias, pendientes pronunciadas y sedimentos y rocas en la zona provoca el desplazamiento violento de una masa de lodo y rocas de grandes dimensiones que se mueve a gran velocidad. Esta situaci\u00f3n puede empeorar si se producen desbordamientos de r\u00edos y poner en peligro la vida de los cientos de miles de personas que viven en las zonas bajas de los valles\u00bb, destaca Airtificial.<\/p>\n<p>Asimismo, el segundo acuerdo firmado con el Gobierno de Per\u00fa est\u00e1 valorado en unos <strong>0,4 millones de euros, tiene una duraci\u00f3n de seis meses y comprende el estudio del estado actual de la seguridad de tres presas<\/strong>. El proyecto, lanzado por la entidad gubernamental de Autoridad Nacional del Agua (ANA), ha sido adjudicado a la unidad de negocio de Airtificial por su papel como referente mundial en este campo. La unidad de negocio de Airtificial, por ejemplo, ha trabajado recientemente en proyectos similares en varias presas gestionadas por la Confederaci\u00f3n Hidrogr\u00e1fica del Guadiana.<\/p>\n<p>El objetivo principal de este nuevo proyecto es la inspecci\u00f3n t\u00e9cnica de tres presas: <strong>Gallito Ciego, Tinajones y San Lorenzo<\/strong>. Estas presas tienen una capacidad de embalsar, respectivamente, <strong>414 millones de metros c\u00fabicos, 294 millones de metros c\u00fabicos y 196 millones de metros c\u00fabicos<\/strong>, que sirven para irrigar las zonas cultivables y nutrir a las centrales hidroel\u00e9ctricas. Cabe resaltar en este proyecto que la metodolog\u00eda que usar\u00e1 Airtificial est\u00e1 basada en el an\u00e1lisis de riesgos mediante el modo de fallos potenciales, una t\u00e9cnica que se est\u00e1 imponiendo en el campo de la seguridad de presas como evoluci\u00f3n de los tradicionales estudios basados en hip\u00f3tesis est\u00e1ndar de dise\u00f1o\u00bb, agregan.<\/p>\n<p>El CEO de Airtificial, <strong>Guillermo Fern\u00e1ndez de Pe\u00f1aranda<\/strong>, ha celebrado el anuncio ya que \u00abestas nuevas adjudicaciones refuerzan el posicionamiento de la unidad de negocio de Infraestructuras en un mercado y unos <strong>proyectos similares a los que ha estado trabajando los \u00faltimos a\u00f1os<\/strong>\u00ab.<\/p>\n<p>\u00abAdem\u00e1s, se trata de proyectos de obra civil con un importante componente social y medioambiental ya que busca proteger a un importante porcentaje de la poblaci\u00f3n andina ante las inclemencias medioambientales que se est\u00e1n agravando debido al cambio clim\u00e1tico\u00bb, ha explicado el consejero delegado.<\/p>\n<p>Inypsa CW Infrastructures, especializada en la gesti\u00f3n de los recursos h\u00eddricos, entre otras infraestructuras civiles, se ha posicionado en los \u00faltimos a\u00f1os como ingenier\u00eda de referencia en la regi\u00f3n andina tras concluir con \u00e9xito proyectos de protecciones de defensas ribere\u00f1as de varios r\u00edos. Estos proyectos han sido fundamentales ya que, en anteriores temporadas de lluvias, los r\u00edos se han desbordado y han inundado valles enteros, afectando a la vida de miles de personas.<\/p>\n<p>&#013;<br \/>\nSource: Bolsamania.com<\/p>\n","protected":false},"excerpt":{"rendered":"<p>El primer acuerdo, alcanzado con OHLA, tiene una duraci\u00f3n de seis meses, asciende a cerca de 1 mill\u00f3n de euros&#8230;<\/p>\n","protected":false},"author":1,"featured_media":0,"comment_status":"open","ping_status":"closed","sticky":false,"template":"","format":"standard","meta":[],"categories":[104],"tags":[99],"_links":{"self":[{"href":"https:\/\/tuavaluo.com\/avaluo\/wp-json\/wp\/v2\/posts\/64832"}],"collection":[{"href":"https:\/\/tuavaluo.com\/avaluo\/wp-json\/wp\/v2\/posts"}],"about":[{"href":"https:\/\/tuavaluo.com\/avaluo\/wp-json\/wp\/v2\/types\/post"}],"author":[{"embeddable":true,"href":"https:\/\/tuavaluo.com\/avaluo\/wp-json\/wp\/v2\/users\/1"}],"replies":[{"embeddable":true,"href":"https:\/\/tuavaluo.com\/avaluo\/wp-json\/wp\/v2\/comments?post=64832"}],"version-history":[{"count":0,"href":"https:\/\/tuavaluo.com\/avaluo\/wp-json\/wp\/v2\/posts\/64832\/revisions"}],"wp:attachment":[{"href":"https:\/\/tuavaluo.com\/avaluo\/wp-json\/wp\/v2\/media?parent=64832"}],"wp:term":[{"taxonomy":"category","embeddable":true,"href":"https:\/\/tuavaluo.com\/avaluo\/wp-json\/wp\/v2\/categories?post=64832"},{"taxonomy":"post_tag","embeddable":true,"href":"https:\/\/tuavaluo.com\/avaluo\/wp-json\/wp\/v2\/tags?post=64832"}],"curies":[{"name":"wp","href":"https:\/\/api.w.org\/{rel}","templated":true}]}}