{"id":65073,"date":"2023-09-29T09:26:43","date_gmt":"2023-09-29T09:26:43","guid":{"rendered":"https:\/\/tuavaluo.com\/avaluo\/2023\/09\/29\/la-inflacion-de-la-eurozona-se-desploma-cae-al-43-y-la-subyacente-al-45-en-septiembre\/"},"modified":"2023-09-29T09:26:43","modified_gmt":"2023-09-29T09:26:43","slug":"la-inflacion-de-la-eurozona-se-desploma-cae-al-43-y-la-subyacente-al-45-en-septiembre","status":"publish","type":"post","link":"https:\/\/tuavaluo.com\/avaluo\/2023\/09\/29\/la-inflacion-de-la-eurozona-se-desploma-cae-al-43-y-la-subyacente-al-45-en-septiembre\/","title":{"rendered":"La inflaci\u00f3n de la eurozona se desploma: cae al 4,3% y la subyacente al 4,5% en septiembre"},"content":{"rendered":"<div class=\"read-more-links\">\n<h5>Noticia relacionada<\/h5>\n<p><a class=\"readMore\" href=\"https:\/\/www.bolsamania.com\/noticias\/economia\/inflacion-sube-septiembre-35-luz-gasolina-subyacente-cae-58--14814180.html\" rel=\"noopener noreferrer\" target=\"_blank\" data-id=\"14814180\" rel=\"nofollow\" ><\/p>\n<figure><img class=\"lazy\" title=\"Leer m&#xE1;s\" data-original=\"https:\/\/img5.s3wfg.com\/web\/img\/images_uploaded\/e\/5\/inflation_20210902064328.png\" data-src=\"https:\/\/img5.s3wfg.com\/web\/img\/images_uploaded\/e\/5\/inflation_20210902064328.png\" \/><\/figure>\n<p>La inflaci\u00f3n sube al 3,5% en septiembre, por luz y gasolina, pero la subyacente cae al 5,8% <\/a><\/div>\n<p>Adem\u00e1s, tanto el \u00cdndice de Precios de Consumo (IPC) general como subyacente <strong>se han moderado m\u00e1s de lo esperado<\/strong>, ya que se <a href=\"https:\/\/www.bolsamania.com\/noticias\/economia\/inflacion-general-subyacente-zona-euro-caeran-precipicio-septiembre--14810267.html\" rel=\"noopener noreferrer\" target=\"_blank\" rel=\"nofollow\" >preve\u00eda <\/a>un descenso hasta el 4,5% y 4,8%, respectivamente.<\/p>\n<p>Si se analizan los principales componentes de la inflaci\u00f3n de la zona euro, <strong>los alimentos, el alcohol y el tabaco registran la tasa anual m\u00e1s alta en septiembre<\/strong> (8,8%, frente al 9,7% en agosto), seguidos de los servicios (4,7%, frente al 5,5%), los bienes industriales no energ\u00e9ticos (4,2%, frente al 4,7%) y la energ\u00eda (-4,7%, frente al -3,3% de agosto).<\/p>\n<\/p>\n<p>&#013;<br \/>\nSource: Bolsamania.com<\/p>\n","protected":false},"excerpt":{"rendered":"<p>Noticia relacionada La inflaci\u00f3n sube al 3,5% en septiembre, por luz y gasolina, pero la subyacente cae al 5,8% Adem\u00e1s,&#8230;<\/p>\n","protected":false},"author":1,"featured_media":65074,"comment_status":"open","ping_status":"closed","sticky":false,"template":"","format":"standard","meta":[],"categories":[104],"tags":[99],"_links":{"self":[{"href":"https:\/\/tuavaluo.com\/avaluo\/wp-json\/wp\/v2\/posts\/65073"}],"collection":[{"href":"https:\/\/tuavaluo.com\/avaluo\/wp-json\/wp\/v2\/posts"}],"about":[{"href":"https:\/\/tuavaluo.com\/avaluo\/wp-json\/wp\/v2\/types\/post"}],"author":[{"embeddable":true,"href":"https:\/\/tuavaluo.com\/avaluo\/wp-json\/wp\/v2\/users\/1"}],"replies":[{"embeddable":true,"href":"https:\/\/tuavaluo.com\/avaluo\/wp-json\/wp\/v2\/comments?post=65073"}],"version-history":[{"count":0,"href":"https:\/\/tuavaluo.com\/avaluo\/wp-json\/wp\/v2\/posts\/65073\/revisions"}],"wp:featuredmedia":[{"embeddable":true,"href":"https:\/\/tuavaluo.com\/avaluo\/wp-json\/wp\/v2\/media\/65074"}],"wp:attachment":[{"href":"https:\/\/tuavaluo.com\/avaluo\/wp-json\/wp\/v2\/media?parent=65073"}],"wp:term":[{"taxonomy":"category","embeddable":true,"href":"https:\/\/tuavaluo.com\/avaluo\/wp-json\/wp\/v2\/categories?post=65073"},{"taxonomy":"post_tag","embeddable":true,"href":"https:\/\/tuavaluo.com\/avaluo\/wp-json\/wp\/v2\/tags?post=65073"}],"curies":[{"name":"wp","href":"https:\/\/api.w.org\/{rel}","templated":true}]}}