{"id":65095,"date":"2023-09-29T14:11:49","date_gmt":"2023-09-29T14:11:49","guid":{"rendered":"https:\/\/tuavaluo.com\/avaluo\/2023\/09\/29\/ezentis-gana-1274-millones-en-el-semestre-frente-a-perdidas-del-ano-anterior\/"},"modified":"2023-09-29T14:11:49","modified_gmt":"2023-09-29T14:11:49","slug":"ezentis-gana-1274-millones-en-el-semestre-frente-a-perdidas-del-ano-anterior","status":"publish","type":"post","link":"https:\/\/tuavaluo.com\/avaluo\/2023\/09\/29\/ezentis-gana-1274-millones-en-el-semestre-frente-a-perdidas-del-ano-anterior\/","title":{"rendered":"Ezentis gana 127,4 millones en el semestre, frente a p\u00e9rdidas del a\u00f1o anterior"},"content":{"rendered":"<p>La compa\u00f1\u00eda ha asegurado que la cifra de beneficios es \u00ab<strong>consecuencia de haber obtenido una quita superior al 80% de la deuda financiera<\/strong>\u00ab.<\/p>\n<p>Los <strong>ingresos han ascendido a 63,7 millones de euros, lo que supone un 54,5% menos que en el mismo periodo de 2022<\/strong> \u00abcomo consecuencia del cese de actividad en Chile y Per\u00fa (primer semestre de 2022) y Brasil, Alemania y Parera (segundo semestre de 2022), la p\u00e9rdida de oportunidades consecuencia del preconcurso y haber discontinuado contratos no rentables\u00bb.<\/p>\n<p>Adem\u00e1s, ha se\u00f1alado que \u00abtras la suscripci\u00f3n del Plan de Reestructuraci\u00f3n con fecha 31 de marzo de 2023 y la posterior homologaci\u00f3n de \u00e9ste por el juzgado, <strong>el grupo ha avanzado en el proceso de reorganizaci\u00f3n societaria, con la consecuente diferenciaci\u00f3n en dos per\u00edmetros<\/strong>\u00ab.<\/p>\n<p>De esta manera,<strong> la divisi\u00f3n de Telecomunicaciones asumir\u00e1 la deuda reestructurada<\/strong>, mientras que el \u00e1rea de Tecnolog\u00eda \u00abcontinuar\u00e1 cotizando en el Mercado Continuo, tendr\u00e1 una participaci\u00f3n del 100% y no tendr\u00e1 deuda financiera\u00bb.<\/p>\n<p>\u00abSe estima que el proceso de reorganizaci\u00f3n societaria est\u00e9 concluido antes del 20 de octubre de 2023. Una vez que el Plan ha sido homologado, <strong>Ezentis dispone de oportunidades de crecimiento de negocio al encontrarse en un contexto normalizado<\/strong>. El Grupo est\u00e1 realizando una intensa actividad comercial en mercados que aparecer\u00e1n definidos como estrat\u00e9gicos en el Plan Estrat\u00e9gico 2023-2026&#8243;, destaca la firma.<\/p>\n<p>La compa\u00f1\u00eda tambi\u00e9n ha destacado que, \u00abcomo consecuencia de la reducci\u00f3n de actividad\u00bb, <strong>su plantilla ha disminuido un 64% con respecto del mismo per\u00edodo del ejercicio anterior<\/strong> (1.265 trabajadores al 30 de junio de 2023 frente a 2.444 empleados al 31 de diciembre de 2022).<\/p>\n<p>&#013;<br \/>\nSource: Bolsamania.com<\/p>\n","protected":false},"excerpt":{"rendered":"<p>La compa\u00f1\u00eda ha asegurado que la cifra de beneficios es \u00abconsecuencia de haber obtenido una quita superior al 80% de&#8230;<\/p>\n","protected":false},"author":1,"featured_media":0,"comment_status":"open","ping_status":"closed","sticky":false,"template":"","format":"standard","meta":[],"categories":[104],"tags":[99],"_links":{"self":[{"href":"https:\/\/tuavaluo.com\/avaluo\/wp-json\/wp\/v2\/posts\/65095"}],"collection":[{"href":"https:\/\/tuavaluo.com\/avaluo\/wp-json\/wp\/v2\/posts"}],"about":[{"href":"https:\/\/tuavaluo.com\/avaluo\/wp-json\/wp\/v2\/types\/post"}],"author":[{"embeddable":true,"href":"https:\/\/tuavaluo.com\/avaluo\/wp-json\/wp\/v2\/users\/1"}],"replies":[{"embeddable":true,"href":"https:\/\/tuavaluo.com\/avaluo\/wp-json\/wp\/v2\/comments?post=65095"}],"version-history":[{"count":0,"href":"https:\/\/tuavaluo.com\/avaluo\/wp-json\/wp\/v2\/posts\/65095\/revisions"}],"wp:attachment":[{"href":"https:\/\/tuavaluo.com\/avaluo\/wp-json\/wp\/v2\/media?parent=65095"}],"wp:term":[{"taxonomy":"category","embeddable":true,"href":"https:\/\/tuavaluo.com\/avaluo\/wp-json\/wp\/v2\/categories?post=65095"},{"taxonomy":"post_tag","embeddable":true,"href":"https:\/\/tuavaluo.com\/avaluo\/wp-json\/wp\/v2\/tags?post=65095"}],"curies":[{"name":"wp","href":"https:\/\/api.w.org\/{rel}","templated":true}]}}