{"id":65418,"date":"2023-10-06T12:18:22","date_gmt":"2023-10-06T12:18:22","guid":{"rendered":"https:\/\/tuavaluo.com\/avaluo\/2023\/10\/06\/renta-4-banco-incorpora-al-equipo-de-gestion-de-activos-a-javier-carretero-y-alberto-guillen\/"},"modified":"2023-10-06T12:18:22","modified_gmt":"2023-10-06T12:18:22","slug":"renta-4-banco-incorpora-al-equipo-de-gestion-de-activos-a-javier-carretero-y-alberto-guillen","status":"publish","type":"post","link":"https:\/\/tuavaluo.com\/avaluo\/2023\/10\/06\/renta-4-banco-incorpora-al-equipo-de-gestion-de-activos-a-javier-carretero-y-alberto-guillen\/","title":{"rendered":"Renta 4 Banco incorpora al equipo de Gesti\u00f3n de Activos a Javier Carretero y Alberto Guill\u00e9n"},"content":{"rendered":"<p>\u00abCon la incorporaci\u00f3n tanto de Javier Carretero como de Alberto Guill\u00e9n se fortalece y amplia el equipo y nos especializamos, a\u00fan m\u00e1s en activos tan importantes en estos momentos en la composici\u00f3n de carteras, como son las<strong> inversiones alternativas<\/strong>\u00ab, ha asegurado el responsable del equipo de Gesti\u00f3n de Activos, Antonio Gonz\u00e1lez.<\/p>\n<p><strong>Javier Carretero<\/strong> llega a Renta 4 Banco desde Miraltabank, donde, durante cinco a\u00f1os, ha formado parte del departamento de Selecci\u00f3n de Fondos y de Gesti\u00f3n Discrecional de Carteras. Es graduado en Administraci\u00f3n y Direcci\u00f3n de Empresas por la Universidad de Extremadura. Cuenta con el PDE (Programa Desarrollo Ejecutivo) de Mercados Financieros de la escuela ISIE y posee las certificaciones EFA (European Financial Advisor) y ESG Advisor por EFPA.<\/p>\n<p>Carretero afronta la nueva etapa \u00abcon una enorme ilusi\u00f3n por comenzar en Renta 4 Banco, entidad referente en el sector\u00bb.<\/p>\n<p>Por su parte, <strong>Alberto Guill\u00e9n<\/strong>, ha desarrollado su carrera en banca de inversi\u00f3n e inversiones alternativas en entidades como Santander, Citi y m\u00e1s recientemente Bankinter. Es licenciado en Administraci\u00f3n y Direcci\u00f3n de Empresas por la Universidad Aut\u00f3noma de Madrid.<\/p>\n<p>\u00abLa nueva etapa que emprendo en Renta 4, dentro del equipo de Gesti\u00f3n de Activos, me llena de ilusi\u00f3n y conf\u00edo en poder ayudar a nuestros clientes en el desarrollo de su actividad de inversi\u00f3n, especialmente en inversi\u00f3n alternativa\u00bb, afirma.<\/p>\n<\/p>\n<p>&#013;<br \/>\nSource: Bolsamania.com<\/p>\n","protected":false},"excerpt":{"rendered":"<p>\u00abCon la incorporaci\u00f3n tanto de Javier Carretero como de Alberto Guill\u00e9n se fortalece y amplia el equipo y nos especializamos,&#8230;<\/p>\n","protected":false},"author":1,"featured_media":0,"comment_status":"open","ping_status":"closed","sticky":false,"template":"","format":"standard","meta":[],"categories":[104],"tags":[99],"_links":{"self":[{"href":"https:\/\/tuavaluo.com\/avaluo\/wp-json\/wp\/v2\/posts\/65418"}],"collection":[{"href":"https:\/\/tuavaluo.com\/avaluo\/wp-json\/wp\/v2\/posts"}],"about":[{"href":"https:\/\/tuavaluo.com\/avaluo\/wp-json\/wp\/v2\/types\/post"}],"author":[{"embeddable":true,"href":"https:\/\/tuavaluo.com\/avaluo\/wp-json\/wp\/v2\/users\/1"}],"replies":[{"embeddable":true,"href":"https:\/\/tuavaluo.com\/avaluo\/wp-json\/wp\/v2\/comments?post=65418"}],"version-history":[{"count":0,"href":"https:\/\/tuavaluo.com\/avaluo\/wp-json\/wp\/v2\/posts\/65418\/revisions"}],"wp:attachment":[{"href":"https:\/\/tuavaluo.com\/avaluo\/wp-json\/wp\/v2\/media?parent=65418"}],"wp:term":[{"taxonomy":"category","embeddable":true,"href":"https:\/\/tuavaluo.com\/avaluo\/wp-json\/wp\/v2\/categories?post=65418"},{"taxonomy":"post_tag","embeddable":true,"href":"https:\/\/tuavaluo.com\/avaluo\/wp-json\/wp\/v2\/tags?post=65418"}],"curies":[{"name":"wp","href":"https:\/\/api.w.org\/{rel}","templated":true}]}}