{"id":65567,"date":"2023-10-11T04:00:00","date_gmt":"2023-10-11T04:00:00","guid":{"rendered":"https:\/\/tuavaluo.com\/avaluo\/2023\/10\/11\/espana-a-contracorriente-de-la-eurozona-por-que-la-vivienda-seguira-encareciendose\/"},"modified":"2023-10-11T04:00:00","modified_gmt":"2023-10-11T04:00:00","slug":"espana-a-contracorriente-de-la-eurozona-por-que-la-vivienda-seguira-encareciendose","status":"publish","type":"post","link":"https:\/\/tuavaluo.com\/avaluo\/2023\/10\/11\/espana-a-contracorriente-de-la-eurozona-por-que-la-vivienda-seguira-encareciendose\/","title":{"rendered":"Espa\u00f1a, a contracorriente de la eurozona: \u00bfpor qu\u00e9 la vivienda seguir\u00e1 encareci\u00e9ndose?"},"content":{"rendered":"<div class=\"read-more-links\">\n<h5>Noticia relacionada<\/h5>\n<p><a class=\"readMore\" href=\"https:\/\/www.bolsamania.com\/noticias\/finanzas-personales\/precio-vivienda-eurozona-caera-6-2023-subira-45-2024--14884224.html\" rel=\"noopener noreferrer\" target=\"_blank\" data-id=\"14884224\" rel=\"nofollow\" ><\/p>\n<figure><img class=\"lazy\" title=\"Leer m&#xE1;s\" data-original=\"https:\/\/img6.s3wfg.com\/web\/img\/images_uploaded\/a\/7\/ep_bloque_piso_pisos_casas_ventanas_alquiler_compra_edificio_centro_285x185.jpg\" data-src=\"https:\/\/img6.s3wfg.com\/web\/img\/images_uploaded\/a\/7\/ep_bloque_piso_pisos_casas_ventanas_alquiler_compra_edificio_centro_285x185.jpg\" \/><\/figure>\n<p>El precio de la vivienda en la eurozona caer\u00e1 un 6% este a\u00f1o, pero subir\u00e1 un 4,5% el pr\u00f3ximo <\/a><\/div>\n<p>\u00abHay varios elementos que diferencian el mercado inmobiliario espa\u00f1ol de otros mercados inmobiliarios de la eurozona, siendo el primer factor distintivo la <strong>capacidad de recuperaci\u00f3n de la demanda<\/strong>\u00ab, se\u00f1alan los expertos de la entidad.<\/p>\n<p>Como explican, entre los factores que respaldan la demanda de vivienda est\u00e1 que el n\u00famero de hogares espa\u00f1oles est\u00e1 creciendo con fuerza, en parte debido a la inmigraci\u00f3n. Adem\u00e1s, el mercado inmobiliario tambi\u00e9n est\u00e1 respaldado por un <strong>crecimiento econ\u00f3mico m\u00e1s fuerte<\/strong> que el promedio de la eurozona.<\/p>\n<p>\u00abLa econom\u00eda m\u00e1s resiliente tambi\u00e9n <strong>ha reducido la tasa de desempleo m\u00e1s que en el resto de la eurozona<\/strong>, aunque todav\u00eda est\u00e1 por encima del promedio de la regi\u00f3n. Una combinaci\u00f3n de mayor crecimiento de los salarios nominales y menor inflaci\u00f3n tambi\u00e9n ha provocado que el crecimiento de los salarios reales vuelva a territorio positivo y los hogares espa\u00f1oles actualmente est\u00e1n ganando poder adquisitivo\u00bb, a\u00f1aden.<\/p>\n<p>A esto se suma la presi\u00f3n adicional al alza sobre los precios de la vivienda que est\u00e1 provocando la <strong>fuerte demanda extranjera de propiedades espa\u00f1olas<\/strong>. \u00abDurante la pandemia, esta demanda extranjera hab\u00eda desaparecido por completo debido a las restricciones de viaje, pero ahora ha vuelto por completo\u00bb. \u00abCon la fuerte recuperaci\u00f3n del turismo despu\u00e9s de la pandemia, cada vez m\u00e1s propietarios tambi\u00e9n mantienen sus propiedades libres para alquilarlas a turistas, lo que<strong> crea una tensi\u00f3n adicional<\/strong> en el mercado inmobiliario\u00bb, dicen.<\/p>\n<p>Adem\u00e1s, en lo que respecta a la oferta, en Espa\u00f1a su crecimiento es insuficiente para satisfacer la creciente demanda: \u00abEl crecimiento neto de los hogares es mucho mayor que el crecimiento neto de la oferta, lo que <strong>genera escasez<\/strong> y ejerce presi\u00f3n al alza sobre los precios de la vivienda\u00bb.<\/p>\n<p>Otro factor distintivo es que los precios de la vivienda espa\u00f1ola aumentaron menos durante la pandemia que en otros pa\u00edses de la eurozona, \u00ablo que ahora probablemente conduzca a una<strong> desaceleraci\u00f3n m\u00e1s modesta<\/strong> en comparaci\u00f3n con los pa\u00edses donde el mercado inmobiliario estaba m\u00e1s sobrecalentado\u00bb, expresan en ING.<\/p>\n<p>&#013;<br \/>\nSource: Bolsamania.com<\/p>\n","protected":false},"excerpt":{"rendered":"<p>Noticia relacionada El precio de la vivienda en la eurozona caer\u00e1 un 6% este a\u00f1o, pero subir\u00e1 un 4,5% el&#8230;<\/p>\n","protected":false},"author":1,"featured_media":65568,"comment_status":"open","ping_status":"closed","sticky":false,"template":"","format":"standard","meta":[],"categories":[104],"tags":[99],"_links":{"self":[{"href":"https:\/\/tuavaluo.com\/avaluo\/wp-json\/wp\/v2\/posts\/65567"}],"collection":[{"href":"https:\/\/tuavaluo.com\/avaluo\/wp-json\/wp\/v2\/posts"}],"about":[{"href":"https:\/\/tuavaluo.com\/avaluo\/wp-json\/wp\/v2\/types\/post"}],"author":[{"embeddable":true,"href":"https:\/\/tuavaluo.com\/avaluo\/wp-json\/wp\/v2\/users\/1"}],"replies":[{"embeddable":true,"href":"https:\/\/tuavaluo.com\/avaluo\/wp-json\/wp\/v2\/comments?post=65567"}],"version-history":[{"count":0,"href":"https:\/\/tuavaluo.com\/avaluo\/wp-json\/wp\/v2\/posts\/65567\/revisions"}],"wp:featuredmedia":[{"embeddable":true,"href":"https:\/\/tuavaluo.com\/avaluo\/wp-json\/wp\/v2\/media\/65568"}],"wp:attachment":[{"href":"https:\/\/tuavaluo.com\/avaluo\/wp-json\/wp\/v2\/media?parent=65567"}],"wp:term":[{"taxonomy":"category","embeddable":true,"href":"https:\/\/tuavaluo.com\/avaluo\/wp-json\/wp\/v2\/categories?post=65567"},{"taxonomy":"post_tag","embeddable":true,"href":"https:\/\/tuavaluo.com\/avaluo\/wp-json\/wp\/v2\/tags?post=65567"}],"curies":[{"name":"wp","href":"https:\/\/api.w.org\/{rel}","templated":true}]}}