{"id":66813,"date":"2023-11-07T20:29:34","date_gmt":"2023-11-07T20:29:34","guid":{"rendered":"https:\/\/tuavaluo.com\/avaluo\/2023\/11\/07\/el-brent-cae-a-minimos-de-agosto-ante-el-deterioro-de-las-perspectivas-economicas\/"},"modified":"2023-11-07T20:29:34","modified_gmt":"2023-11-07T20:29:34","slug":"el-brent-cae-a-minimos-de-agosto-ante-el-deterioro-de-las-perspectivas-economicas","status":"publish","type":"post","link":"https:\/\/tuavaluo.com\/avaluo\/2023\/11\/07\/el-brent-cae-a-minimos-de-agosto-ante-el-deterioro-de-las-perspectivas-economicas\/","title":{"rendered":"El Brent cae a m\u00ednimos de agosto ante el deterioro de las perspectivas econ\u00f3micas"},"content":{"rendered":"<p><strong>Michael Hewson<\/strong>, analista senior de mercados de CMC Markets, destaca que <strong>\u00ablas preocupaciones sobre las perspectivas econ\u00f3micas superaron la perspectiva de que Rusia y Arabia Saudita<\/strong> <strong>prolonguen sus recortes<\/strong> de producci\u00f3n hasta 2024&#8243;.<\/p>\n<p>\u00abLas exportaciones chinas m\u00e1s d\u00e9biles de lo esperado para octubre han alimentado la preocupaci\u00f3n de que<strong> la econom\u00eda global est\u00e9 languideciendo en territorio de estanflaci\u00f3n<\/strong>, con pocas perspectivas de un avance\u00bb, ha asegurado.<\/p>\n<p>Los analistas de IG coinciden en se\u00f1alar que \u00abuna ca\u00edda inesperada en las exportaciones de China -por sexto mes consecutivo- y unas importaciones superiores a las esperadas <strong>presionaron a la baja el precio del petr\u00f3leo mientras los inversores se preocupan por la salud de la econom\u00eda mundial<\/strong>\u00ab.<\/p>\n<p>Adem\u00e1s, aseguran que esta ca\u00edda en los precios <strong>\u00abpodr\u00eda volver a poner en el mapa la regi\u00f3n de 75 a 70 d\u00f3lares por barril\u00bb. <\/strong><\/p>\n<p>Por su parte, <strong>Craig Erlam<\/strong>, analista senior de mercado en OANDA, subraya que este descenso \u00ab<strong>borra los movimientos que siguieron al ataque de Hamas a Israel\u00bb<\/strong>.<\/p>\n<p>\u00abLos comerciantes permanecer\u00e1n en alerta m\u00e1xima ante<strong> se\u00f1ales de que est\u00e1 surgiendo un conflicto m\u00e1s amplio en la regi\u00f3n que podr\u00eda alterar los suministros<\/strong>, pero parece que esos temores est\u00e1n disminuyendo\u00bb, agrega.<\/p>\n<p>&#013;<br \/>\nSource: Bolsamania.com<\/p>\n","protected":false},"excerpt":{"rendered":"<p>Michael Hewson, analista senior de mercados de CMC Markets, destaca que \u00ablas preocupaciones sobre las perspectivas econ\u00f3micas superaron la perspectiva&#8230;<\/p>\n","protected":false},"author":1,"featured_media":0,"comment_status":"open","ping_status":"closed","sticky":false,"template":"","format":"standard","meta":[],"categories":[104],"tags":[99],"_links":{"self":[{"href":"https:\/\/tuavaluo.com\/avaluo\/wp-json\/wp\/v2\/posts\/66813"}],"collection":[{"href":"https:\/\/tuavaluo.com\/avaluo\/wp-json\/wp\/v2\/posts"}],"about":[{"href":"https:\/\/tuavaluo.com\/avaluo\/wp-json\/wp\/v2\/types\/post"}],"author":[{"embeddable":true,"href":"https:\/\/tuavaluo.com\/avaluo\/wp-json\/wp\/v2\/users\/1"}],"replies":[{"embeddable":true,"href":"https:\/\/tuavaluo.com\/avaluo\/wp-json\/wp\/v2\/comments?post=66813"}],"version-history":[{"count":0,"href":"https:\/\/tuavaluo.com\/avaluo\/wp-json\/wp\/v2\/posts\/66813\/revisions"}],"wp:attachment":[{"href":"https:\/\/tuavaluo.com\/avaluo\/wp-json\/wp\/v2\/media?parent=66813"}],"wp:term":[{"taxonomy":"category","embeddable":true,"href":"https:\/\/tuavaluo.com\/avaluo\/wp-json\/wp\/v2\/categories?post=66813"},{"taxonomy":"post_tag","embeddable":true,"href":"https:\/\/tuavaluo.com\/avaluo\/wp-json\/wp\/v2\/tags?post=66813"}],"curies":[{"name":"wp","href":"https:\/\/api.w.org\/{rel}","templated":true}]}}