{"id":66999,"date":"2023-11-13T08:52:02","date_gmt":"2023-11-13T08:52:02","guid":{"rendered":"https:\/\/tuavaluo.com\/avaluo\/2023\/11\/13\/espana-afronta-una-semana-clave-tras-vivir-el-domingo-el-ultimo-capitulo-de-su-drama-politico\/"},"modified":"2023-11-13T08:52:02","modified_gmt":"2023-11-13T08:52:02","slug":"espana-afronta-una-semana-clave-tras-vivir-el-domingo-el-ultimo-capitulo-de-su-drama-politico","status":"publish","type":"post","link":"https:\/\/tuavaluo.com\/avaluo\/2023\/11\/13\/espana-afronta-una-semana-clave-tras-vivir-el-domingo-el-ultimo-capitulo-de-su-drama-politico\/","title":{"rendered":"Espa\u00f1a afronta una semana clave tras vivir el domingo &quot;el \u00faltimo cap\u00edtulo de su drama pol\u00edtico&quot;"},"content":{"rendered":"<p>El descontento ciudadano ha quedado evidenciado en las manifestaciones que han tenido lugar este fin de semana por las capitales del pa\u00eds, <strong>especialmente en Madrid, donde miles de personas se congregaron el domingo<\/strong> para manifestar su malestar por la amnist\u00eda pactada por el PSOE con Junts. El l\u00edder del Partido Popular, <strong>Alberto N\u00fa\u00f1ez Feij\u00f3o<\/strong>, afirm\u00f3 que \u00ab<strong>la codicia de un ciudadano<\/strong> es lo que nos ha tra\u00eddo hasta aqu\u00ed\u00bb, en referencia a Pedro S\u00e1nchez. \u00abEl independentismo, con el 6% de los votos, ha sacado m\u00e1s provecho de nunca. Los independentistas al menos van de cara, llaman a las cosas por su nombre. S\u00e1nchez, no. Su \u00fanico programa es subestimar la inteligencia de los espa\u00f1oles\u00bb.<\/p>\n<div class=\"read-more-links\">\n<h5>Noticia relacionada<\/h5>\n<p><a class=\"readMore\" href=\"https:\/\/www.bolsamania.com\/noticias\/politica\/bloomberg-riesgo-sanchez-sumerja-espana-crisis-constitucional-algo-peor--15291366.html\" rel=\"noopener noreferrer\" target=\"_blank\" data-id=\"15291366\" rel=\"nofollow\" ><\/p>\n<figure><img class=\"lazy\" title=\"Leer m&#xE1;s\" data-original=\"https:\/\/img5.s3wfg.com\/web\/img\/images_uploaded\/6\/7\/le-premier-ministre-pedro-sanchez-a-un-meeting-de-l-union-europeenne-a-bruxelles_20231016113401_rsz.jpg\" data-src=\"https:\/\/img5.s3wfg.com\/web\/img\/images_uploaded\/6\/7\/le-premier-ministre-pedro-sanchez-a-un-meeting-de-l-union-europeenne-a-bruxelles_20231016113401_rsz.jpg\" \/><\/figure>\n<p>Bloomberg: \u00abEl riesgo es que S\u00e1nchez sumerja a Espa\u00f1a en una crisis constitucional o algo peor\u00bb <\/a><\/div>\n<p>Los medios internacionales siguen haci\u00e9ndose eco de la situaci\u00f3n pol\u00edtica en Espa\u00f1a. &#8216;Bloomberg&#8217; publica que lo visto este domingo es \u00ab<strong>el \u00faltimo cap\u00edtulo del drama pol\u00edtico de Espa\u00f1a<\/strong> que se origin\u00f3 en las elecciones de julio, cuando el Partido Popular gan\u00f3 la mayor\u00eda de los esca\u00f1os en el parlamento, pero no lo suficiente para formar un Gobierno. Mientras tanto, S\u00e1nchez debe depender del apoyo de los catalanes, y <strong>la indignaci\u00f3n ha estallado<\/strong> por su acuerdo con uno de los partidos detr\u00e1s de la declaraci\u00f3n unilateral de independencia de la regi\u00f3n en 2017&#8243;.<\/p>\n<p>Afirma &#8216;Bloomberg&#8217; que el pasado 9 de noviembre, S\u00e1nchez enfureci\u00f3 a la oposici\u00f3n y recibi\u00f3 cr\u00edticas de la judicatura cuando su partido socialista anunci\u00f3 un acuerdo con Junts per Catalunya para presentar <strong>una ley de amnist\u00eda que beneficiar\u00e1 a cientos de activistas independentistas<\/strong> que enfrentan cargos por su participaci\u00f3n en el intento de secesi\u00f3n.<\/p>\n<p>Entre los posibles beneficiarios de la ley est\u00e1n funcionarios de nivel medio y alto del Gobierno catal\u00e1n en ese momento, directores de escuelas, alcaldes de peque\u00f1as localidades y otros. \u00abPero el principal beneficiario ser\u00e1 el ex presidente catal\u00e1n <strong>Carles Puigdemont<\/strong>, quien ha estado en el exilio autoimpuesto en B\u00e9lgica desde el intento de secesi\u00f3n fallido\u00bb, explica &#8216;Bloomberg&#8217;.<\/p>\n<p>El Gobierno estim\u00f3 que <strong>80.000 personas<\/strong> asistieron al evento en Madrid, y tambi\u00e9n hubo manifestaciones en Barcelona, Sevilla, Bilbao y Valencia.<\/p>\n<p><strong>Pedro S\u00e1nchez tiene hasta el pr\u00f3ximo 24 de noviembre para ser investido<\/strong>. Aunque la fecha final para la repetici\u00f3n de elecciones es el 27 de noviembre, toda investidura debe celebrarse 24 horas antes y debe contar con 48 horas de posible debate, es decir, tres d\u00edas previos en total.<\/p>\n<p>&#013;<br \/>\nSource: Bolsamania.com<\/p>\n","protected":false},"excerpt":{"rendered":"<p>El descontento ciudadano ha quedado evidenciado en las manifestaciones que han tenido lugar este fin de semana por las capitales&#8230;<\/p>\n","protected":false},"author":1,"featured_media":67000,"comment_status":"open","ping_status":"closed","sticky":false,"template":"","format":"standard","meta":[],"categories":[104],"tags":[99],"_links":{"self":[{"href":"https:\/\/tuavaluo.com\/avaluo\/wp-json\/wp\/v2\/posts\/66999"}],"collection":[{"href":"https:\/\/tuavaluo.com\/avaluo\/wp-json\/wp\/v2\/posts"}],"about":[{"href":"https:\/\/tuavaluo.com\/avaluo\/wp-json\/wp\/v2\/types\/post"}],"author":[{"embeddable":true,"href":"https:\/\/tuavaluo.com\/avaluo\/wp-json\/wp\/v2\/users\/1"}],"replies":[{"embeddable":true,"href":"https:\/\/tuavaluo.com\/avaluo\/wp-json\/wp\/v2\/comments?post=66999"}],"version-history":[{"count":0,"href":"https:\/\/tuavaluo.com\/avaluo\/wp-json\/wp\/v2\/posts\/66999\/revisions"}],"wp:featuredmedia":[{"embeddable":true,"href":"https:\/\/tuavaluo.com\/avaluo\/wp-json\/wp\/v2\/media\/67000"}],"wp:attachment":[{"href":"https:\/\/tuavaluo.com\/avaluo\/wp-json\/wp\/v2\/media?parent=66999"}],"wp:term":[{"taxonomy":"category","embeddable":true,"href":"https:\/\/tuavaluo.com\/avaluo\/wp-json\/wp\/v2\/categories?post=66999"},{"taxonomy":"post_tag","embeddable":true,"href":"https:\/\/tuavaluo.com\/avaluo\/wp-json\/wp\/v2\/tags?post=66999"}],"curies":[{"name":"wp","href":"https:\/\/api.w.org\/{rel}","templated":true}]}}