{"id":67109,"date":"2023-11-15T05:00:00","date_gmt":"2023-11-15T05:00:00","guid":{"rendered":"https:\/\/tuavaluo.com\/avaluo\/2023\/11\/15\/momento-de-comprar-los-gestores-de-fondos-cada-vez-son-mas-alcistas\/"},"modified":"2023-11-15T05:00:00","modified_gmt":"2023-11-15T05:00:00","slug":"momento-de-comprar-los-gestores-de-fondos-cada-vez-son-mas-alcistas","status":"publish","type":"post","link":"https:\/\/tuavaluo.com\/avaluo\/2023\/11\/15\/momento-de-comprar-los-gestores-de-fondos-cada-vez-son-mas-alcistas\/","title":{"rendered":"\u00bfMomento de comprar? Los gestores de fondos cada vez son m\u00e1s alcistas"},"content":{"rendered":"<p>Seg\u00fan la encuesta, realizada entre un total de 265 <a href=\"https:\/\/www.bolsamania.com\/fundsnews\/noticias\/value-investing\/dos-estrategias-siguen-gestores-activos-profesionales-tener-exito--15299310.html\" rel=\"noopener noreferrer\" target=\"_blank\" rel=\"nofollow\" ><strong>profesionales<\/strong><\/a> que gestiona activos por valor de 632.000 millones de d\u00f3lares, y que fue realizada entre el 3 y el 9 de noviembre, el <strong>50% de los inversores ahora ven un potencial al alza para las acciones europeas en los pr\u00f3ximos meses<\/strong>, debido a la disminuci\u00f3n de los rendimientos de los bonos y al crecimiento s\u00f3lido (un aumento desde el 43% del mes pasado).<\/p>\n<p>Adem\u00e1s, el <strong>68% proyecta un aumento en los pr\u00f3ximos doce meses<\/strong> (un <strong>fuerte aumento desde el 53%<\/strong> del mes pasado). La principal preocupaci\u00f3n en la cartera para un 32% de los inversores es<strong> reducir en exceso la exposici\u00f3n a acciones<\/strong> y perderse un repunte.<\/p>\n<p>Adem\u00e1s, un<strong> 26% considera que las acciones europeas est\u00e1n infravaloradas<\/strong>, la cifra m\u00e1s alta desde 2019, aunque el 71% espera vientos en contra para los beneficios por acci\u00f3n (EPS, por sus siglas en ingl\u00e9s) europeos.<\/p>\n<p>Por otra parte, un <strong>44% percibe desventajas para los c\u00edclicos europeos<\/strong> en comparaci\u00f3n con los defensivos en los pr\u00f3ximos meses (un aumento desde el 40% del mes pasado), mientras que el 15% ve un potencial al alza despu\u00e9s de la reciente debilidad (una disminuci\u00f3n desde el 28%).<\/p>\n<p>Los <strong>sectores de seguros y tecnolog\u00eda<\/strong> en Europa siguen siendo dos de las tres principales sobreponderaciones consensuadas, ahora acompa\u00f1adas por el <strong>sector energ\u00e9tico<\/strong>. En contraste, los sectores de <strong>autom\u00f3viles, minoristas y productos qu\u00edmicos<\/strong> son los menos preferidos.<\/p>\n<h3>ALTA CONVICCI\u00d3N EN UNA BAJADA DE LA INFLACI\u00d3N<\/h3>\n<p>Respecto a la inflaci\u00f3n, un <strong>91%<\/strong> neto de los encuestados espera que la<strong> inflaci\u00f3n central europea disminuya en el pr\u00f3ximo a\u00f1o<\/strong>, con un 76% proyectando que la inflaci\u00f3n central global se desvanecer\u00e1, ambas cifras cercanas a m\u00e1ximos hist\u00f3ricos.<\/p>\n<p>Adem\u00e1s, un 25% considera que los <strong>bancos centrales con posturas m\u00e1s estrictas ya no se consideran el mayor riesgo de cola<\/strong>, ya que ahora la mayor preocupaci\u00f3n es la geopol\u00edtica (31%, frente al 23% del mes pasado).<\/p>\n<p>As\u00ed, un <strong>74% neto prev\u00e9 que las tasas de inter\u00e9s a corto plazo disminuir\u00e1n en los pr\u00f3ximos doce meses<\/strong>, alcanzando un m\u00e1ximo de 15 a\u00f1os, mientras que <strong>un 43% neto cree que los rendimientos de los bonos a 10 a\u00f1os<\/strong> disminuir\u00e1n, el nivel m\u00e1s alto en 23 a\u00f1os.<\/p>\n<h3>ESPERANZAS DE UN ATERRIZAJE SUAVE<\/h3>\n<p>Aunque un <strong>47%<\/strong> de los participantes a\u00fan considera que la <strong>destrucci\u00f3n de la demanda y el aumento de los riesgos de recesi\u00f3n<\/strong> son el principal tema macroecon\u00f3mico en los pr\u00f3ximos meses, esta marca es la <strong>m\u00e1s baja desde julio<\/strong>. El porcentaje que espera un <strong>aterrizaje suave<\/strong> como tema clave aument\u00f3 significativamente,<strong> pasando del 8% el mes pasado al 29%<\/strong>. Solo un<strong> 21%<\/strong> ve un aterrizaje duro como el <strong>resultado m\u00e1s probable<\/strong> para la econom\u00eda global en los pr\u00f3ximos doce meses, frente al 30% del mes pasado.<\/p>\n<p>Sin embargo, preocupa el impacto del endurecimiento monetario. Un <strong>29% neto de los encuestados considera que la pol\u00edtica monetaria europea es demasiado restrictiva<\/strong>, el nivel m\u00e1s alto desde 2011, mientras que un 20% piensa que esto tambi\u00e9n es cierto a nivel global, la segunda lectura m\u00e1s alta desde 2008.<\/p>\n<p>Adem\u00e1s, un 34% juzga que la pol\u00edtica fiscal global es demasiado favorable, cerca de los m\u00e1ximos hist\u00f3ricos, aunque solo un 6% piensa lo mismo sobre la postura fiscal de Europa.<\/p>\n<p>As\u00ed, un<strong> 50% piensa que el crecimiento de Estados Unidos puede mantenerse resiliente a corto plazo<\/strong>, pero disminuir\u00e1 el pr\u00f3ximo a\u00f1o, a medida que impacte el endurecimiento de la Reserva Federal (un aumento desde el 40% el mes pasado), mientras que <strong>un 44% espera una desaceleraci\u00f3n inmediata<\/strong> (una disminuci\u00f3n desde el 55%).<\/p>\n<p>Por \u00faltimo, un <strong>74% piensa que el crecimiento europeo se debilitar\u00e1<\/strong> en respuesta a la pol\u00edtica monetaria restrictiva, sin cambios desde el mes pasado, mientras que un 9% espera una reaceleraci\u00f3n.<\/p>\n<p>&#013;<br \/>\nSource: Bolsamania.com<\/p>\n","protected":false},"excerpt":{"rendered":"<p>Seg\u00fan la encuesta, realizada entre un total de 265 profesionales que gestiona activos por valor de 632.000 millones de d\u00f3lares,&#8230;<\/p>\n","protected":false},"author":1,"featured_media":0,"comment_status":"open","ping_status":"closed","sticky":false,"template":"","format":"standard","meta":[],"categories":[104],"tags":[99],"_links":{"self":[{"href":"https:\/\/tuavaluo.com\/avaluo\/wp-json\/wp\/v2\/posts\/67109"}],"collection":[{"href":"https:\/\/tuavaluo.com\/avaluo\/wp-json\/wp\/v2\/posts"}],"about":[{"href":"https:\/\/tuavaluo.com\/avaluo\/wp-json\/wp\/v2\/types\/post"}],"author":[{"embeddable":true,"href":"https:\/\/tuavaluo.com\/avaluo\/wp-json\/wp\/v2\/users\/1"}],"replies":[{"embeddable":true,"href":"https:\/\/tuavaluo.com\/avaluo\/wp-json\/wp\/v2\/comments?post=67109"}],"version-history":[{"count":0,"href":"https:\/\/tuavaluo.com\/avaluo\/wp-json\/wp\/v2\/posts\/67109\/revisions"}],"wp:attachment":[{"href":"https:\/\/tuavaluo.com\/avaluo\/wp-json\/wp\/v2\/media?parent=67109"}],"wp:term":[{"taxonomy":"category","embeddable":true,"href":"https:\/\/tuavaluo.com\/avaluo\/wp-json\/wp\/v2\/categories?post=67109"},{"taxonomy":"post_tag","embeddable":true,"href":"https:\/\/tuavaluo.com\/avaluo\/wp-json\/wp\/v2\/tags?post=67109"}],"curies":[{"name":"wp","href":"https:\/\/api.w.org\/{rel}","templated":true}]}}