{"id":67298,"date":"2023-11-18T01:18:35","date_gmt":"2023-11-18T01:18:35","guid":{"rendered":"https:\/\/tuavaluo.com\/avaluo\/2023\/11\/18\/openai-despide-a-su-ceo-sam-altman-por-no-ser-sincero-en-sus-comunicaciones\/"},"modified":"2023-11-18T01:18:35","modified_gmt":"2023-11-18T01:18:35","slug":"openai-despide-a-su-ceo-sam-altman-por-no-ser-sincero-en-sus-comunicaciones","status":"publish","type":"post","link":"https:\/\/tuavaluo.com\/avaluo\/2023\/11\/18\/openai-despide-a-su-ceo-sam-altman-por-no-ser-sincero-en-sus-comunicaciones\/","title":{"rendered":"OpenAI despide a su CEO, Sam Altman, por no ser &quot;sincero en sus comunicaciones&quot;"},"content":{"rendered":"<p>\u00abLa salida de Altman se produce tras un proceso de revisi\u00f3n deliberante por parte de la junta, que concluy\u00f3 que no fue consistentemente sincero en sus comunicaciones con la junta, lo que obstaculiz\u00f3 su capacidad para ejercer sus responsabilidades. <strong>La junta ya no conf\u00eda en su capacidad para seguir liderando OpenAI<\/strong>\u00ab, destaca la firma.<\/p>\n<p>La compa\u00f1\u00eda tambi\u00e9n ha anunciado que <strong>Mira Murati, actual directora de tecnolog\u00eda, se desempe\u00f1ar\u00e1 como directora ejecutiva interina<\/strong> \u00abcon efecto inmediato\u00bb.<\/p>\n<p>\u00abDado su largo mandato y su estrecho compromiso con todos los aspectos de la empresa, incluida su experiencia en gobernanza y pol\u00edticas de IA,<strong> la junta cree que est\u00e1 excepcionalmente calificada para el puesto<\/strong> y anticipa una transici\u00f3n sin problemas mientras se lleva a cabo una b\u00fasqueda formal de un director ejecutivo permanente\u00bb, ha asegurado sobre Murati.<\/p>\n<p>Como parte de esta transici\u00f3n,<strong> Greg Brockman dejar\u00e1 su cargo de presidente<\/strong> de la junta directiva y permanecer\u00e1 en su puesto en la empresa, reportando al director ejecutivo.<\/p>\n<p>&#013;<br \/>\nSource: Bolsamania.com<\/p>\n","protected":false},"excerpt":{"rendered":"<p>\u00abLa salida de Altman se produce tras un proceso de revisi\u00f3n deliberante por parte de la junta, que concluy\u00f3 que&#8230;<\/p>\n","protected":false},"author":1,"featured_media":0,"comment_status":"open","ping_status":"closed","sticky":false,"template":"","format":"standard","meta":[],"categories":[104],"tags":[99],"_links":{"self":[{"href":"https:\/\/tuavaluo.com\/avaluo\/wp-json\/wp\/v2\/posts\/67298"}],"collection":[{"href":"https:\/\/tuavaluo.com\/avaluo\/wp-json\/wp\/v2\/posts"}],"about":[{"href":"https:\/\/tuavaluo.com\/avaluo\/wp-json\/wp\/v2\/types\/post"}],"author":[{"embeddable":true,"href":"https:\/\/tuavaluo.com\/avaluo\/wp-json\/wp\/v2\/users\/1"}],"replies":[{"embeddable":true,"href":"https:\/\/tuavaluo.com\/avaluo\/wp-json\/wp\/v2\/comments?post=67298"}],"version-history":[{"count":0,"href":"https:\/\/tuavaluo.com\/avaluo\/wp-json\/wp\/v2\/posts\/67298\/revisions"}],"wp:attachment":[{"href":"https:\/\/tuavaluo.com\/avaluo\/wp-json\/wp\/v2\/media?parent=67298"}],"wp:term":[{"taxonomy":"category","embeddable":true,"href":"https:\/\/tuavaluo.com\/avaluo\/wp-json\/wp\/v2\/categories?post=67298"},{"taxonomy":"post_tag","embeddable":true,"href":"https:\/\/tuavaluo.com\/avaluo\/wp-json\/wp\/v2\/tags?post=67298"}],"curies":[{"name":"wp","href":"https:\/\/api.w.org\/{rel}","templated":true}]}}