{"id":67345,"date":"2023-11-20T12:15:01","date_gmt":"2023-11-20T12:15:01","guid":{"rendered":"https:\/\/tuavaluo.com\/avaluo\/2023\/11\/20\/abanca-se-marca-el-objetivo-de-ser-referencia-en-el-segmento-de-banca-privada\/"},"modified":"2023-11-20T12:15:01","modified_gmt":"2023-11-20T12:15:01","slug":"abanca-se-marca-el-objetivo-de-ser-referencia-en-el-segmento-de-banca-privada","status":"publish","type":"post","link":"https:\/\/tuavaluo.com\/avaluo\/2023\/11\/20\/abanca-se-marca-el-objetivo-de-ser-referencia-en-el-segmento-de-banca-privada\/","title":{"rendered":"Abanca se marca el objetivo de ser &quot;referencia&quot; en el segmento de banca privada"},"content":{"rendered":"<p>El equipo de Banca Privada de Abanca ha celebrado en Santiago de Compostela, con la participaci\u00f3n del consejero delegado del banco, <strong>Francisco Botas<\/strong>, un encuentro comercial en el que se han repasado los hitos alcanzados en los \u00faltimos a\u00f1os en este segmento de negocio y se han fijado la <strong>estrategia y objetivos para los siguientes<\/strong>, en los que el banco quiere dar continuidad a su trayectoria de crecimiento en el segmento iniciada en 2019.<\/p>\n<p>Botas ha repasado los retos que presenta el escenario econ\u00f3mico actual, marcado por una <strong>cierta desaceleraci\u00f3n en los ritmos de crecimiento<\/strong>, y se\u00f1al\u00f3 los logros conseguidos por la unidad de Banca Privada. \u201cEstamos creciendo en equipo y capacidades comerciales, y hemos dado un salto importante en n\u00famero de clientes y negocio. <strong>Nuestro objetivo debe ser situarnos como entidad de referencia en banca privada<\/strong>\u201d, manifest\u00f3.<\/p>\n<p>\u201cFormar parte de un grupo como <strong><a href=\"https:\/\/www.bolsamania.com\/noticias\/mercados\/abanca-aparca-venta-nueva-pescanova-aborda-nuevo-posicionamiento-firma--15148446.html\" rel=\"noopener noreferrer\" target=\"_blank\" rel=\"nofollow\" >Abanca<\/a><\/strong> nos ofrece oportunidades para seguir creciendo en los pr\u00f3ximos a\u00f1os a trav\u00e9s del <strong>aprovechamiento de las sinergias existentes con otras unidades<\/strong>. Otras prioridades que vamos a abordar son la culminaci\u00f3n de nuestra plataforma internacional y el refuerzo de las capacidades de asesoramiento de nuestro equipo, dos pilares fundamentales de nuestra estrategia\u201d, ha destacado Javier Rivero, director de Banca Privada de Abanca.<\/p>\n<p>El crecimiento del negocio de banca privada de Abanca se fundamenta en un <strong>amplio plan de desarrollo de sus capacidades comerciales<\/strong> con especial \u00e9nfasis en el equipo y el portfolio de productos de inversi\u00f3n.<\/p>\n<p>En el \u00e1mbito del equipo, Abanca ha reforzado su unidad de banca privada con la llegada de profesionales de alto valor. Desde 2019, un total de <strong>47 banqueros privados se han incorporado a la entidad<\/strong>. Tambi\u00e9n ha reforzado asimismo su red de centros de banca privada, en la actualidad <strong>22<\/strong>, distribuidos por las <strong>principales ciudades de toda Espa\u00f1a<\/strong>.<\/p>\n<p>Por otro lado, <a href=\"https:\/\/www.bolsamania.com\/noticias\/resultados-anuncios\/abanca-gana-4286-millones-septiembre-rentabilidad-13--15127184.html\" rel=\"noopener noreferrer\" target=\"_blank\" rel=\"nofollow\" ><strong>Abanca<\/strong><\/a> ha realizado <strong>seis lanzamientos de productos de car\u00e1cter alternativo<\/strong> que ofrecen a sus clientes de privada nuevas opciones de inversi\u00f3n en el actual contexto de mercados, todas ellas en alianza con marcas de prestigio. La potenciaci\u00f3n de la actividad de banca privada se inscribe en la<strong> estrategia de crecimiento del negocio de fuera de balance<\/strong> desarrollada en los \u00faltimos a\u00f1os.<\/p>\n<p>A cierre de septiembre, el banco alcanz\u00f3 los <strong>13.402 millones de euros<\/strong> en recursos fuera de balance, con un crecimiento interanual del <strong>13,7%<\/strong>. El servicio de <strong>Gesti\u00f3n Discrecional de Carteras<\/strong>, disponible para clientes de Abanca Privada y Abanca Personal, supera los <strong>1.300 millones<\/strong> de euros en patrimonio gestionado.<\/p>\n<p>&#013;<br \/>\nSource: Bolsamania.com<\/p>\n","protected":false},"excerpt":{"rendered":"<p>El equipo de Banca Privada de Abanca ha celebrado en Santiago de Compostela, con la participaci\u00f3n del consejero delegado del&#8230;<\/p>\n","protected":false},"author":1,"featured_media":0,"comment_status":"open","ping_status":"closed","sticky":false,"template":"","format":"standard","meta":[],"categories":[104],"tags":[99],"_links":{"self":[{"href":"https:\/\/tuavaluo.com\/avaluo\/wp-json\/wp\/v2\/posts\/67345"}],"collection":[{"href":"https:\/\/tuavaluo.com\/avaluo\/wp-json\/wp\/v2\/posts"}],"about":[{"href":"https:\/\/tuavaluo.com\/avaluo\/wp-json\/wp\/v2\/types\/post"}],"author":[{"embeddable":true,"href":"https:\/\/tuavaluo.com\/avaluo\/wp-json\/wp\/v2\/users\/1"}],"replies":[{"embeddable":true,"href":"https:\/\/tuavaluo.com\/avaluo\/wp-json\/wp\/v2\/comments?post=67345"}],"version-history":[{"count":0,"href":"https:\/\/tuavaluo.com\/avaluo\/wp-json\/wp\/v2\/posts\/67345\/revisions"}],"wp:attachment":[{"href":"https:\/\/tuavaluo.com\/avaluo\/wp-json\/wp\/v2\/media?parent=67345"}],"wp:term":[{"taxonomy":"category","embeddable":true,"href":"https:\/\/tuavaluo.com\/avaluo\/wp-json\/wp\/v2\/categories?post=67345"},{"taxonomy":"post_tag","embeddable":true,"href":"https:\/\/tuavaluo.com\/avaluo\/wp-json\/wp\/v2\/tags?post=67345"}],"curies":[{"name":"wp","href":"https:\/\/api.w.org\/{rel}","templated":true}]}}