{"id":67351,"date":"2023-11-20T13:18:54","date_gmt":"2023-11-20T13:18:54","guid":{"rendered":"https:\/\/tuavaluo.com\/avaluo\/2023\/11\/20\/sanchez-reorganiza-el-gobierno-mantiene-22-ministerios-y-da-una-vicepresidencia-a-montero\/"},"modified":"2023-11-20T13:18:54","modified_gmt":"2023-11-20T13:18:54","slug":"sanchez-reorganiza-el-gobierno-mantiene-22-ministerios-y-da-una-vicepresidencia-a-montero","status":"publish","type":"post","link":"https:\/\/tuavaluo.com\/avaluo\/2023\/11\/20\/sanchez-reorganiza-el-gobierno-mantiene-22-ministerios-y-da-una-vicepresidencia-a-montero\/","title":{"rendered":"S\u00e1nchez reorganiza el Gobierno, mantiene 22 ministerios y da una vicepresidencia a Montero"},"content":{"rendered":"<div class=\"read-more-links\">\n<h5>Noticia relacionada<\/h5>\n<p><a class=\"readMore\" href=\"https:\/\/www.bolsamania.com\/noticias\/politica\/sanchez-investido-presidente--15358634.html\" rel=\"noopener noreferrer\" target=\"_blank\" data-id=\"15358634\" rel=\"nofollow\" ><\/p>\n<figure><img class=\"lazy\" title=\"Leer m&#xE1;s\" data-original=\"https:\/\/img6.s3wfg.com\/web\/img\/images_uploaded\/1\/4\/sanchez_investidura_2023.jpg\" data-src=\"https:\/\/img6.s3wfg.com\/web\/img\/images_uploaded\/1\/4\/sanchez_investidura_2023.jpg\" \/><\/figure>\n<p>Pedro S\u00e1nchez es investido presidente del Gobierno con mayor\u00eda absoluta del Congreso <\/a><\/div>\n<p><strong>Mar\u00eda Jes\u00fas Montero<\/strong>, que contin\u00faa como titular de Hacienda y Funci\u00f3n P\u00fablica, ser\u00e1 ascendida a vicepresidenta cuarta del Ejecutivo. El resto de vicepresidencias quedar\u00e1 as\u00ed: <strong>Nadia Calvi\u00f1o<\/strong>, vicepresidenta primera y ministra de Econom\u00eda, Comercio y Empresa, <strong>Yolanda D\u00edaz<\/strong>, vicepresidenta segunda y ministra de Trabajo y Econom\u00eda Social, y <strong>Teresa Ribera<\/strong>, vicepresidenta tercera y ministra para la Transici\u00f3n Ecol\u00f3gica y el Reto Demogr\u00e1fico.<\/p>\n<p>Adem\u00e1s, el expresidente canario <strong>\u00c1ngel V\u00edctor Torres<\/strong> liderar\u00e1 el Ministerio de Pol\u00edtica Territorial y Memoria Democr\u00e1tica, al exalcalde de Barcelona <strong>Jordi Hereu<\/strong> ocupar\u00e1 el Ministerio de Industria y Turismo, el exalcalde de Valladolid <strong>\u00d3scar Puente<\/strong> se quedar\u00e1 con la cartera de Transportes y Movilidad Sostenible, y la tambi\u00e9n vallisoletana <strong>Ana Redondo <\/strong>ser\u00e1 la nueva ministra de Igualdad.<\/p>\n<p>La que hasta ahora hab\u00eda sido portavoz del Gobierno y ministra de Pol\u00edtica Territorial, <strong>Isabel Rodr\u00edguez<\/strong>, se pondr\u00e1 al frente del Ministerio de Vivienda y Agenda Urbana, mientras que <strong>Jos\u00e9 Luis Escriv\u00e1<\/strong> deja la cartera de Seguridad Social, que ocupar\u00e1 <strong>Elma S\u00e1iz<\/strong>, para ser ministro de Transformaci\u00f3n Digital.<\/p>\n<p>Por la parte de Sumar habr\u00e1 cinco carteras. <strong>Pablo Bustinduy<\/strong>, exdiputado y excoordinador de Podemos en el Parlamento Europeo, ser\u00e1 el pr\u00f3ximo ministro de Derechos Sociales, Consumo y Agenda 2030, la l\u00edder de M\u00e1s Madrid, <strong>M\u00f3nica Garc\u00eda<\/strong>, se pondr\u00e1 al frente de la cartera de Sanidad, la portavoz de IU, <strong>Sira Rego<\/strong>, ser\u00e1 ministra de Infancia y Juventud, y el portavoz de Sumar, <strong>Ernest Urtasun<\/strong>, ministro de Cultura.<\/p>\n<p><strong>F\u00e9lix Bola\u00f1os<\/strong> seguir\u00e1 como ministro de Presidencia y Relaciones con las Cortes y sumar\u00e1 la cartera de Justicia, <strong>Pilar Alegr\u00eda<\/strong> se mantendr\u00e1 como ministra de Educaci\u00f3n y a\u00f1ade Deportes y la portavoc\u00eda del Gobierno, y <strong>Diana Morant<\/strong> se quedar\u00e1 en el Ministerio de Ciencia e Innovaci\u00f3n y suma Universidades.<\/p>\n<p>Repiten<strong> Jos\u00e9 Manuel Albares<\/strong> como ministro de Exteriores, <strong>Luis Planas<\/strong> en Agricultura, Pesca y Alimentaci\u00f3n, <strong>Margarita Robles<\/strong> en Defensa y <strong>Fernando Grande-Marlaska<\/strong> en Interior.<\/p>\n<p>En la comparecencia en la que ha confirmado todos los cargos, S\u00e1nchez ha arrancado sus palabras agradeciendo su labor tanto a los ministros que dejan de pertenecer al Gobierno como a los que continuar\u00e1n en su cargo. \u00abHabr\u00e1 m\u00e1s ministras que ministros, como viene siendo habitual: 12 mujeres y 10 hombres\u00bb, ha destacado.<\/p>\n<p>\u00abEs un gabinete con alto perfil pol\u00edtico para <strong>dotar de estabilidad al pa\u00eds<\/strong>\u00ab. \u00abUn gobierno solvente, un gobierno s\u00f3lido para ofrecer seguridad en un mundo agitado por grandes transformaciones y desaf\u00edos\u00bb. Ser\u00e1 una legislatura que \u00abestar\u00e1 marcada por el di\u00e1logo\u00bb, ha remarcado.<\/p>\n<p>Aunque <strong>\u00absin duda queda mucho por hacer\u00bb<\/strong>, el presidente del Gobierno ha querido subrayar que ahora \u00abEspa\u00f1a est\u00e1 m\u00e1s fuerte que hace cinco a\u00f1os\u00bb: \u00abCrece m\u00e1s, contiene mejor los precios, cuenta con mayor n\u00famero de empleos y tiene menos desigualdad\u00bb. Por ello, entre los objetivos del nuevo Gobierno est\u00e1 \u00abculminar la modernizaci\u00f3n iniciada durante la legislatura pasada\u00bb.<\/p>\n<p>&#013;<br \/>\nSource: Bolsamania.com<\/p>\n","protected":false},"excerpt":{"rendered":"<p>Noticia relacionada Pedro S\u00e1nchez es investido presidente del Gobierno con mayor\u00eda absoluta del Congreso Mar\u00eda Jes\u00fas Montero, que contin\u00faa como&#8230;<\/p>\n","protected":false},"author":1,"featured_media":67352,"comment_status":"open","ping_status":"closed","sticky":false,"template":"","format":"standard","meta":[],"categories":[104],"tags":[99],"_links":{"self":[{"href":"https:\/\/tuavaluo.com\/avaluo\/wp-json\/wp\/v2\/posts\/67351"}],"collection":[{"href":"https:\/\/tuavaluo.com\/avaluo\/wp-json\/wp\/v2\/posts"}],"about":[{"href":"https:\/\/tuavaluo.com\/avaluo\/wp-json\/wp\/v2\/types\/post"}],"author":[{"embeddable":true,"href":"https:\/\/tuavaluo.com\/avaluo\/wp-json\/wp\/v2\/users\/1"}],"replies":[{"embeddable":true,"href":"https:\/\/tuavaluo.com\/avaluo\/wp-json\/wp\/v2\/comments?post=67351"}],"version-history":[{"count":0,"href":"https:\/\/tuavaluo.com\/avaluo\/wp-json\/wp\/v2\/posts\/67351\/revisions"}],"wp:featuredmedia":[{"embeddable":true,"href":"https:\/\/tuavaluo.com\/avaluo\/wp-json\/wp\/v2\/media\/67352"}],"wp:attachment":[{"href":"https:\/\/tuavaluo.com\/avaluo\/wp-json\/wp\/v2\/media?parent=67351"}],"wp:term":[{"taxonomy":"category","embeddable":true,"href":"https:\/\/tuavaluo.com\/avaluo\/wp-json\/wp\/v2\/categories?post=67351"},{"taxonomy":"post_tag","embeddable":true,"href":"https:\/\/tuavaluo.com\/avaluo\/wp-json\/wp\/v2\/tags?post=67351"}],"curies":[{"name":"wp","href":"https:\/\/api.w.org\/{rel}","templated":true}]}}