{"id":67484,"date":"2023-11-22T11:53:38","date_gmt":"2023-11-22T11:53:38","guid":{"rendered":"https:\/\/tuavaluo.com\/avaluo\/2023\/11\/22\/eliana-de-abreu-nombrada-directora-general-de-credit-mutuel-asset-management\/"},"modified":"2023-11-22T11:53:38","modified_gmt":"2023-11-22T11:53:38","slug":"eliana-de-abreu-nombrada-directora-general-de-credit-mutuel-asset-management","status":"publish","type":"post","link":"https:\/\/tuavaluo.com\/avaluo\/2023\/11\/22\/eliana-de-abreu-nombrada-directora-general-de-credit-mutuel-asset-management\/","title":{"rendered":"Eliana de Abreu, nombrada directora general de Cr\u00e9dit Mutuel Asset Management"},"content":{"rendered":"<p>En su nuevo cargo, Eliana de Abreu, quien tambi\u00e9n se incorporar\u00e1 al Groupe La Francaise, dirigido por <strong>Guillaume Cadiou,<\/strong> como miembro del Consejo Ejecutivo, <strong>contribuir\u00e1 a la creaci\u00f3n de la l\u00ednea de negocio de gesti\u00f3n de activos<\/strong> de Credit Mutuel Alliance F\u00e9d\u00e9rale bajo un modelo multiboutique. El nuevo conjunto se convertir\u00eda en un actor principal en el panorama franc\u00e9s de la gesti\u00f3n de activos, representando <strong>166.000 millones de euros en activos bajo gesti\u00f3n (a 31 de diciembre de 2022)<\/strong>, con implantaciones en toda Europa, operando tambi\u00e9n en Asia y ofreciendo una amplia gama de competencias, incluidos activos cotizados, activos reales y gesti\u00f3n alternativa.<\/p>\n<p>\u00abEliana de Abreu, que trabaja en la gestora desde 2002, ha contribuido en gran medida al desarrollo de las competencias extrafinancieras de Cr\u00e9dit Mutuel Asset Management, un factor que se encuentra en el centro de la estrategia de desarrollo de la empresa. Eliana ser\u00e1 una baza importante para apoyar el desarrollo de nuestra l\u00ednea de negocio de gesti\u00f3n de activos\u00bb, declar\u00f3 <strong>Daniel Baal,<\/strong> director general de Cr\u00e9dit Mutuel Alliance F\u00e9d\u00e9rale.<\/p>\n<p>Anteriormente directora general de Inversiones, Abreu <strong>suceder\u00e1 a Claire Bourgeois<\/strong> como directora general de Cr\u00e9dit Mutuel Asset Management.<\/p>\n<p>Eliana de Abreu cuenta con m\u00e1s de veinte a\u00f1os de experiencia en gesti\u00f3n de activos. Comenz\u00f3 su carrera en 2000 como gestora de fondos monetarios en Dresdner RCM Gestion. En 2002, se incorpor\u00f3 a Cr\u00e9dit Mutuel Asset Management como gestora de fondos de renta fija a cargo de bonos agregados, cr\u00e9dito, inflaci\u00f3n y convertibles. En 2018, Eliana de Abreu fue ascendida a Directora de Gesti\u00f3n de Activos de Renta Fija y en 2021 fue nombrada CIO, a cargo de setenta profesionales, incluido el Departamento de Finanzas Responsables, y de una amplia gama de 300 fondos, que representan 70.000 millones de euros en activos bajo gesti\u00f3n (a finales de 2022).<\/p>\n<p>&#013;<br \/>\nSource: Bolsamania.com<\/p>\n","protected":false},"excerpt":{"rendered":"<p>En su nuevo cargo, Eliana de Abreu, quien tambi\u00e9n se incorporar\u00e1 al Groupe La Francaise, dirigido por Guillaume Cadiou, como&#8230;<\/p>\n","protected":false},"author":1,"featured_media":0,"comment_status":"open","ping_status":"closed","sticky":false,"template":"","format":"standard","meta":[],"categories":[104],"tags":[99],"_links":{"self":[{"href":"https:\/\/tuavaluo.com\/avaluo\/wp-json\/wp\/v2\/posts\/67484"}],"collection":[{"href":"https:\/\/tuavaluo.com\/avaluo\/wp-json\/wp\/v2\/posts"}],"about":[{"href":"https:\/\/tuavaluo.com\/avaluo\/wp-json\/wp\/v2\/types\/post"}],"author":[{"embeddable":true,"href":"https:\/\/tuavaluo.com\/avaluo\/wp-json\/wp\/v2\/users\/1"}],"replies":[{"embeddable":true,"href":"https:\/\/tuavaluo.com\/avaluo\/wp-json\/wp\/v2\/comments?post=67484"}],"version-history":[{"count":0,"href":"https:\/\/tuavaluo.com\/avaluo\/wp-json\/wp\/v2\/posts\/67484\/revisions"}],"wp:attachment":[{"href":"https:\/\/tuavaluo.com\/avaluo\/wp-json\/wp\/v2\/media?parent=67484"}],"wp:term":[{"taxonomy":"category","embeddable":true,"href":"https:\/\/tuavaluo.com\/avaluo\/wp-json\/wp\/v2\/categories?post=67484"},{"taxonomy":"post_tag","embeddable":true,"href":"https:\/\/tuavaluo.com\/avaluo\/wp-json\/wp\/v2\/tags?post=67484"}],"curies":[{"name":"wp","href":"https:\/\/api.w.org\/{rel}","templated":true}]}}