{"id":68377,"date":"2023-12-13T09:17:39","date_gmt":"2023-12-13T09:17:39","guid":{"rendered":"https:\/\/tuavaluo.com\/avaluo\/2023\/12\/13\/inditex-el-control-de-costes-y-la-capacidad-de-subir-precios-amparan-margenes-historicos\/"},"modified":"2023-12-13T09:17:39","modified_gmt":"2023-12-13T09:17:39","slug":"inditex-el-control-de-costes-y-la-capacidad-de-subir-precios-amparan-margenes-historicos","status":"publish","type":"post","link":"https:\/\/tuavaluo.com\/avaluo\/2023\/12\/13\/inditex-el-control-de-costes-y-la-capacidad-de-subir-precios-amparan-margenes-historicos\/","title":{"rendered":"Inditex: el control de costes y la capacidad de subir precios amparan m\u00e1rgenes hist\u00f3ricos"},"content":{"rendered":"<div class=\"read-more-links\">\n<h5>Noticia relacionada<\/h5>\n<p><a class=\"readMore\" href=\"https:\/\/www.bolsamania.com\/noticias\/resultados-anuncios\/inditex-gana-325-mas-nueve-primeros-meses-4102-millones--15586368.html\" rel=\"noopener noreferrer\" target=\"_blank\" data-id=\"15586368\" rel=\"nofollow\" ><\/p>\n<figure><img class=\"lazy\" title=\"Leer m&#xE1;s\" data-original=\"https:\/\/img3.s3wfg.com\/web\/img\/images_uploaded\/7\/3\/ep_archivo_-_el_consejero_delegado_de_inditex_oscar_garcia_maceiras_en_la_inauguracion_del_curso_de_285x185.jpg\" data-src=\"https:\/\/img3.s3wfg.com\/web\/img\/images_uploaded\/7\/3\/ep_archivo_-_el_consejero_delegado_de_inditex_oscar_garcia_maceiras_en_la_inauguracion_del_curso_de_285x185.jpg\" \/><\/figure>\n<p>Inditex gana un 32,5% m\u00e1s en los nueve primeros meses, hasta 4.102 millones <\/a><\/div>\n<p>Seg\u00fan se refleja en las cuentas, el margen bruto aumenta 160 puntos b\u00e1sicos, hasta el 61,7%, y el margen EBIT 190 puntos b\u00e1sicos, hasta el 23,1%. Adem\u00e1s, el grupo ha elevado las gu\u00edas del margen bruto para el ejercicio 2023 y espera que sea 75 puntos b\u00e1sicos superior al de 2022.<\/p>\n<p>Los expertos consideran que con presencia en 213 mercados y baja cuota de mercado en un sector muy fragmentado, <strong>\u00abel potencial de crecimiento org\u00e1nico es elevado\u00bb<\/strong>. Adem\u00e1s, \u00abla flexibilidad del modelo de negocio junto con el aprovisionamiento en proximidad permite una r\u00e1pida adaptaci\u00f3n a las demandas de los clientes\u00bb.<\/p>\n<p>Sobre el nuevo plan de inversiones (1.600 millones de euros al a\u00f1o), se\u00f1alan que eleva el potencial de crecimiento anual hasta entre el 4% y el 6% sumado a un incremento de espacio de entre el 1% y el 2%. Estiman que la generaci\u00f3n de cash flow libre \u00abse mantendr\u00e1 resiliente y una fuerte posici\u00f3n de caja neta, pr\u00f3xima a los 11.500 millones de euros, permitir\u00e1n una <strong>continua mejora de la remuneraci\u00f3n a los accionistas<\/strong>\u00ab.<\/p>\n<p>Por ello, mantienen la recomendaci\u00f3n de &#8216;compra&#8217; sobre Inditex y el precio objetivo en los 39 euros. \u00abLos m\u00faltiplos actuales no son exigentes para un <strong>valor con crecimiento y m\u00e1rgenes elevados sostenibles<\/strong>\u00ab, a\u00f1aden.<\/p>\n<p>Por su parte, los analistas de Sabadell destacan que el margen bruto mejora m\u00e1s de lo esperado, \u00ablo que unido a la buena gesti\u00f3n de costes sit\u00faa el EBIT en 2.028 millones de euros\u00bb. \u00abLas indicaciones de ventas del cuarto trimestre (desde el 1 de noviembre hasta el 11 de diciembre) son positivas y elevan objetivo 2023 de margen bruto,<strong> \u00ablo que deber\u00eda servir para mantener el positivo momentum del valor\u00bb<\/strong>. En este caso, comparten la recomendaci\u00f3n de &#8216;compra&#8217;.<\/p>\n<p>En Renta 4 hacen referencia a los objetivos para todo 2023. Creen que lo m\u00e1s relevante es que la directiva ha elevado la previsi\u00f3n de margen bruto, \u00abcon lo que prev\u00e9n que alcance el 57,75%\u00bb. En su opini\u00f3n, los resultados <strong>muestran menor fortaleza de ingresos que los trimestres anteriores<\/strong>, pero que logran superar previsiones a nivel operativo y neto apoyados en la mejor evoluci\u00f3n del margen bruto.<\/p>\n<p>Colocan <strong>en revisi\u00f3n<\/strong> tanto el precio objetivo como la recomendaci\u00f3n que antes situaban en 37,5 euros y &#8216;sobreponderar&#8217;.<\/p>\n<p>\u00abSi bien Inditex ha tenido \u00e9xito con los aumentos de precios, particularmente en Europa, nuestros expertos sugieren que <strong>podr\u00eda haber espacio limitado para nuevas subidas<\/strong>\u00ab, comentan, por su parte, en Third Bridge. A\u00f1aden que el enfoque de Zara en ubicaciones de tiendas de primer nivel y el cierre de las m\u00e1s peque\u00f1as tiene como objetivo mejorar la experiencia de compra y elevar la marca. \u00abSin embargo, nuestros expertos advierten que Zara deber\u00eda evitar cierres r\u00e1pidos en mercados donde su presencia online a\u00fan no es lo suficientemente fuerte\u00bb.<\/p>\n<p>\u00abInditex logr\u00f3 captar clientes sensibles a los precios durante la desaceleraci\u00f3n econ\u00f3mica. Sin embargo, Zara est\u00e1 intentando mejorar su marca a trav\u00e9s de ofertas de moda de mayor calidad. Nuestros expertos creen que esta estrategia puede <strong>ayudarles a mantener su cuota de mercado sin entrar en batallas de precios directas<\/strong> con Shein\u00bb. \u00abEl enfoque omnicanal promete aumentar el valor de vida del cliente y las oportunidades de ventas adicionales. Sin embargo, Inditex carece de estrategias claras para implementar programas de fidelizaci\u00f3n y t\u00e1cticas de personalizaci\u00f3n\u00bb, afirman.<\/p>\n<p>&#013;<br \/>\nSource: Bolsamania.com<\/p>\n","protected":false},"excerpt":{"rendered":"<p>Noticia relacionada Inditex gana un 32,5% m\u00e1s en los nueve primeros meses, hasta 4.102 millones Seg\u00fan se refleja en las&#8230;<\/p>\n","protected":false},"author":1,"featured_media":68378,"comment_status":"open","ping_status":"closed","sticky":false,"template":"","format":"standard","meta":[],"categories":[104],"tags":[99],"_links":{"self":[{"href":"https:\/\/tuavaluo.com\/avaluo\/wp-json\/wp\/v2\/posts\/68377"}],"collection":[{"href":"https:\/\/tuavaluo.com\/avaluo\/wp-json\/wp\/v2\/posts"}],"about":[{"href":"https:\/\/tuavaluo.com\/avaluo\/wp-json\/wp\/v2\/types\/post"}],"author":[{"embeddable":true,"href":"https:\/\/tuavaluo.com\/avaluo\/wp-json\/wp\/v2\/users\/1"}],"replies":[{"embeddable":true,"href":"https:\/\/tuavaluo.com\/avaluo\/wp-json\/wp\/v2\/comments?post=68377"}],"version-history":[{"count":0,"href":"https:\/\/tuavaluo.com\/avaluo\/wp-json\/wp\/v2\/posts\/68377\/revisions"}],"wp:featuredmedia":[{"embeddable":true,"href":"https:\/\/tuavaluo.com\/avaluo\/wp-json\/wp\/v2\/media\/68378"}],"wp:attachment":[{"href":"https:\/\/tuavaluo.com\/avaluo\/wp-json\/wp\/v2\/media?parent=68377"}],"wp:term":[{"taxonomy":"category","embeddable":true,"href":"https:\/\/tuavaluo.com\/avaluo\/wp-json\/wp\/v2\/categories?post=68377"},{"taxonomy":"post_tag","embeddable":true,"href":"https:\/\/tuavaluo.com\/avaluo\/wp-json\/wp\/v2\/tags?post=68377"}],"curies":[{"name":"wp","href":"https:\/\/api.w.org\/{rel}","templated":true}]}}