{"id":68706,"date":"2023-12-20T09:05:40","date_gmt":"2023-12-20T09:05:40","guid":{"rendered":"https:\/\/tuavaluo.com\/avaluo\/2023\/12\/20\/barclays-eleva-el-precio-objetivo-de-grifols-por-la-mejora-de-las-perspectivas\/"},"modified":"2023-12-20T09:05:40","modified_gmt":"2023-12-20T09:05:40","slug":"barclays-eleva-el-precio-objetivo-de-grifols-por-la-mejora-de-las-perspectivas","status":"publish","type":"post","link":"https:\/\/tuavaluo.com\/avaluo\/2023\/12\/20\/barclays-eleva-el-precio-objetivo-de-grifols-por-la-mejora-de-las-perspectivas\/","title":{"rendered":"Barclays eleva el precio objetivo de Grifols por la mejora de las perspectivas"},"content":{"rendered":"<p>\u00abA pesar de la <strong>confianza de la administraci\u00f3n en el desapalancamiento para finales de 2024<\/strong>, reiteramos que esto depende de una desinversi\u00f3n de la empresa china Shanghai RAAS (SRAAS)\u00bb, se\u00f1alan en su \u00faltimo informe.<\/p>\n<p>Como a\u00f1aden, \u00absin avances concretos, <strong>una valoraci\u00f3n de las primas no parece justificada<\/strong>, a pesar de su perfil de crecimiento futuro\u00bb.<\/p>\n<p>Esta misma semana, Grifols ha anunciado que V\u00edctor Grifols Roura, nieto del fundador de la compa\u00f1\u00eda y \u00abart\u00edfice de la transformaci\u00f3n de Grifols en un l\u00edder global de la industria del plasma\u00bb, ha decidido <strong>renunciar a su cargo como miembro del Consejo de Administraci\u00f3n<\/strong> tras casi cuatro d\u00e9cadas de servicio.<\/p>\n<p>Continuar\u00e1 siendo presidente de honor de la compa\u00f1\u00eda y el puesto que deja vacante en el Consejo ser\u00e1 ocupado por Albert Grifols Coma-Cros, nieto del cient\u00edfico Josep Antoni Grifols i Luca.<\/p>\n<p>Adem\u00e1s, Tom\u00e1s Dag\u00e1 ha dimitido de su cargo como vicesecretario del Consejo de Administraci\u00f3n y la compa\u00f1\u00eda ha designado a Laura de la Cruz Gal\u00e1n como nueva vicesecretaria no consejera del Consejo de Administraci\u00f3n.<\/p>\n<\/p>\n<p>&#013;<br \/>\nSource: Bolsamania.com<\/p>\n","protected":false},"excerpt":{"rendered":"<p>\u00abA pesar de la confianza de la administraci\u00f3n en el desapalancamiento para finales de 2024, reiteramos que esto depende de&#8230;<\/p>\n","protected":false},"author":1,"featured_media":0,"comment_status":"open","ping_status":"closed","sticky":false,"template":"","format":"standard","meta":[],"categories":[104],"tags":[99],"_links":{"self":[{"href":"https:\/\/tuavaluo.com\/avaluo\/wp-json\/wp\/v2\/posts\/68706"}],"collection":[{"href":"https:\/\/tuavaluo.com\/avaluo\/wp-json\/wp\/v2\/posts"}],"about":[{"href":"https:\/\/tuavaluo.com\/avaluo\/wp-json\/wp\/v2\/types\/post"}],"author":[{"embeddable":true,"href":"https:\/\/tuavaluo.com\/avaluo\/wp-json\/wp\/v2\/users\/1"}],"replies":[{"embeddable":true,"href":"https:\/\/tuavaluo.com\/avaluo\/wp-json\/wp\/v2\/comments?post=68706"}],"version-history":[{"count":0,"href":"https:\/\/tuavaluo.com\/avaluo\/wp-json\/wp\/v2\/posts\/68706\/revisions"}],"wp:attachment":[{"href":"https:\/\/tuavaluo.com\/avaluo\/wp-json\/wp\/v2\/media?parent=68706"}],"wp:term":[{"taxonomy":"category","embeddable":true,"href":"https:\/\/tuavaluo.com\/avaluo\/wp-json\/wp\/v2\/categories?post=68706"},{"taxonomy":"post_tag","embeddable":true,"href":"https:\/\/tuavaluo.com\/avaluo\/wp-json\/wp\/v2\/tags?post=68706"}],"curies":[{"name":"wp","href":"https:\/\/api.w.org\/{rel}","templated":true}]}}