{"id":69049,"date":"2023-12-29T08:27:50","date_gmt":"2023-12-29T08:27:50","guid":{"rendered":"https:\/\/tuavaluo.com\/avaluo\/2023\/12\/29\/sanchez-nombra-a-maria-jesus-montero-vicepresidenta-primera-y-a-carlos-cuerpo-ministro-de-economia\/"},"modified":"2023-12-29T08:27:50","modified_gmt":"2023-12-29T08:27:50","slug":"sanchez-nombra-a-maria-jesus-montero-vicepresidenta-primera-y-a-carlos-cuerpo-ministro-de-economia","status":"publish","type":"post","link":"https:\/\/tuavaluo.com\/avaluo\/2023\/12\/29\/sanchez-nombra-a-maria-jesus-montero-vicepresidenta-primera-y-a-carlos-cuerpo-ministro-de-economia\/","title":{"rendered":"S\u00e1nchez nombra a Mar\u00eda Jes\u00fas Montero vicepresidenta primera y a Carlos Cuerpo ministro de Econom\u00eda"},"content":{"rendered":"<div class=\"read-more-links\">\n<h5>Noticia relacionada<\/h5>\n<p><a class=\"readMore\" href=\"https:\/\/www.bolsamania.com\/noticias\/economia\/nadia-calvino-elegida-nueva-presidenta-bei--15547832.html\" rel=\"noopener noreferrer\" target=\"_blank\" data-id=\"15547832\" rel=\"nofollow\" ><\/p>\n<figure><img class=\"lazy\" title=\"Leer m\u00e1s\" data-original=\"https:\/\/img.s3wfg.com\/web\/img\/images_uploaded\/7\/7\/ep_la_vicepresidenta_primera_del_gobierno_nadia_calvino_20230725151203_285x185.jpg\" data-src=\"https:\/\/img.s3wfg.com\/web\/img\/images_uploaded\/7\/7\/ep_la_vicepresidenta_primera_del_gobierno_nadia_calvino_20230725151203_285x185.jpg\" \/><\/figure>\n<p>Nadia Calvi\u00f1o es elegida nueva presidenta del Banco Europeo de Inversiones <\/a><\/div>\n<p>La noticia sobre el <strong>ascenso de Montero<\/strong> dentro del organigrama del Gobierno hab\u00eda sido adelantada por la &#8216;Cadena Ser&#8217; poco antes de la hora en la que estaba previsto que S\u00e1nchez ofreciese una declaraci\u00f3n institucional para comunicar los cambios en el seno del Ejecutivo que iba a llevar a cabo.<\/p>\n<p>S\u00e1nchez ha confirmado que la ministra de Hacienda pasar\u00e1 a ostentar la vicepresidencia primera, por lo que la vicepresidencia cuarta desaparece y el Ejecutivo contar\u00e1 con tres mujeres como vicepresidentas.<\/p>\n<p>El presidente ha aprovechado para poner en valor el \u00abextraordinario bagaje, en todas las responsabilidades que ha desempe\u00f1ado\u00bb, de Montero, y ha afirmado que los logros que ha cosechado su gabinete \u00abno habr\u00edan sido posibles sin el brillante trabajo que viene realizando en Hacienda desde que entr\u00f3 a formar parte del Gobierno en junio de 2018\u00bb.<\/p>\n<p>El mi\u00e9rcoles, en su comparecencia para hacer balance del a\u00f1o, S\u00e1nchez ya hab\u00eda adelantado que habr\u00eda <a href=\"https:\/\/www.bolsamania.com\/noticias\/politica\/sanchez-crisis-gobierno-viernes-29-diciembre--15703354.html\" rel=\"noopener noreferrer\" target=\"_blank\" rel=\"nofollow\" ><strong>crisis de Gobierno<\/strong><\/a> este viernes y que ser\u00eda entonces cuando dar\u00eda a conocer el nombre de la persona que se encargar\u00e1 de suceder a Calvi\u00f1o al frente del Ministerio de Econom\u00eda. El elegido ha sido Carlos Cuerpo, que hasta ahora ocupaba la Secretar\u00eda de Estado del Tesoro.<\/p>\n<p>S\u00e1nchez ha dicho que las dos principales cualidades que definen la trayectoria de Calvi\u00f1o, \u00absolvencia y honestidad\u00bb, han sido rasgos determinantes a la hora de elegir a Cuerpo para el cargo. Se trata, ha afirmado, de un \u00abeconomista de enorme prestigio\u00bb, extreme\u00f1o, formado en la universidad p\u00fablica y con una \u00abacreditada competencia\u00bb.<\/p>\n<p>\u00abEs un servidor p\u00fablico con una trayectoria ejemplar\u00bb, ha a\u00f1adido el presidente sobre Cuerpo, que dirigir\u00e1 la pol\u00edtica econ\u00f3mica del Gobierno y presidir\u00e1 la Comisi\u00f3n Delegada de Asuntos Econ\u00f3micos. \u00abEs un profundo conocedor de la administraci\u00f3n p\u00fablica, un europe\u00edsta convencido, un profesional honesto, sin otra agenda que la de ser \u00fatil al inter\u00e9s general de nuestro pa\u00eds\u00bb, ha remarcado S\u00e1nchez en su comparecencia, vaticinando que dar\u00e1 continuidad \u00abde manera brillante\u00bb al trabajo que hasta ahora ha realizado Calvi\u00f1o al frente del Ministerio.<\/p>\n<p>La hasta ahora vicepresidenta primera y titular de la cartera de Econom\u00eda, cargo que ha ocupado en los \u00faltimos cinco a\u00f1os, fue elegida para presidir el BEI el pasado mes de diciembre. <a href=\"https:\/\/www.bolsamania.com\/noticias\/economia\/calvino-tomara-posesion-bei-1-enero-sanchez-designara-sustituto-pronto--15682636.html\" rel=\"noopener noreferrer\" target=\"_blank\" rel=\"nofollow\" ><strong>Ocupar\u00e1 el nuevo cargo a partir del 1 de enero<\/strong><\/a>, en sustituci\u00f3n del alem\u00e1n Werner Hoyer, por lo que a S\u00e1nchez le urg\u00eda hacer el cambio.<\/p>\n<p>&#013;<br \/>\nSource: Bolsamania.com<\/p>\n","protected":false},"excerpt":{"rendered":"<p>Noticia relacionada Nadia Calvi\u00f1o es elegida nueva presidenta del Banco Europeo de Inversiones La noticia sobre el ascenso de Montero&#8230;<\/p>\n","protected":false},"author":1,"featured_media":69050,"comment_status":"open","ping_status":"closed","sticky":false,"template":"","format":"standard","meta":[],"categories":[104],"tags":[99],"_links":{"self":[{"href":"https:\/\/tuavaluo.com\/avaluo\/wp-json\/wp\/v2\/posts\/69049"}],"collection":[{"href":"https:\/\/tuavaluo.com\/avaluo\/wp-json\/wp\/v2\/posts"}],"about":[{"href":"https:\/\/tuavaluo.com\/avaluo\/wp-json\/wp\/v2\/types\/post"}],"author":[{"embeddable":true,"href":"https:\/\/tuavaluo.com\/avaluo\/wp-json\/wp\/v2\/users\/1"}],"replies":[{"embeddable":true,"href":"https:\/\/tuavaluo.com\/avaluo\/wp-json\/wp\/v2\/comments?post=69049"}],"version-history":[{"count":0,"href":"https:\/\/tuavaluo.com\/avaluo\/wp-json\/wp\/v2\/posts\/69049\/revisions"}],"wp:featuredmedia":[{"embeddable":true,"href":"https:\/\/tuavaluo.com\/avaluo\/wp-json\/wp\/v2\/media\/69050"}],"wp:attachment":[{"href":"https:\/\/tuavaluo.com\/avaluo\/wp-json\/wp\/v2\/media?parent=69049"}],"wp:term":[{"taxonomy":"category","embeddable":true,"href":"https:\/\/tuavaluo.com\/avaluo\/wp-json\/wp\/v2\/categories?post=69049"},{"taxonomy":"post_tag","embeddable":true,"href":"https:\/\/tuavaluo.com\/avaluo\/wp-json\/wp\/v2\/tags?post=69049"}],"curies":[{"name":"wp","href":"https:\/\/api.w.org\/{rel}","templated":true}]}}