{"id":69475,"date":"2024-01-10T09:11:35","date_gmt":"2024-01-10T09:11:35","guid":{"rendered":"https:\/\/tuavaluo.com\/avaluo\/2024\/01\/10\/muere-cesar-alierta-presidente-ejecutivo-de-telefonica-entre-los-anos-2000-y-2016\/"},"modified":"2024-01-10T09:11:35","modified_gmt":"2024-01-10T09:11:35","slug":"muere-cesar-alierta-presidente-ejecutivo-de-telefonica-entre-los-anos-2000-y-2016","status":"publish","type":"post","link":"https:\/\/tuavaluo.com\/avaluo\/2024\/01\/10\/muere-cesar-alierta-presidente-ejecutivo-de-telefonica-entre-los-anos-2000-y-2016\/","title":{"rendered":"Muere C\u00e9sar Alierta, presidente ejecutivo de Telef\u00f3nica entre los a\u00f1os 2000 y 2016"},"content":{"rendered":"<div class=\"read-more-links\">\n<h5>Noticia relacionada<\/h5>\n<p><a class=\"readMore\" href=\"https:\/\/www.bolsamania.com\/noticias\/empresas\/las-10-fechas-claves-de-la-presidencia-de-cesar-alierta-en-telefonica--1095417.html\" rel=\"noopener noreferrer\" target=\"_blank\" data-id=\"1095417\" rel=\"nofollow\" ><\/p>\n<figure><img class=\"lazy\" title=\"Leer m\u00e1s\" data-original=\"https:\/\/img6.s3wfg.com\/web\/img\/images_uploaded\/a\/7\/alierta_telefonica_620x350_285x185.jpg\" data-src=\"https:\/\/img6.s3wfg.com\/web\/img\/images_uploaded\/a\/7\/alierta_telefonica_620x350_285x185.jpg\" \/><\/figure>\n<p>Las 10 fechas claves de la presidencia de C\u00e9sar Alierta en Telef\u00f3nica <\/a><\/div>\n<p>Hay que recordar que, en 2020, <strong>su estado de salud se complic\u00f3<\/strong> tras sufrir dos infartos y estuvo ingresado en coma inducido y estado grave.<\/p>\n<p>Tras dejar la presidencia de Telef\u00f3nica en 2016, Alierta continu\u00f3 al frente de la Fundaci\u00f3n Telef\u00f3nica hasta 2022.<\/p>\n<p>Entre su<strong> trayectoria profesional<\/strong> destacan sus primeros pasos en Banco Urquijo y la presidencia de la Asociaci\u00f3n Espa\u00f1ola del Mercado de Valores (AEMV), entre 1991 y 1996. Despu\u00e9s fue presidente de Tabacalera. Adem\u00e1s, era uno de los principales accionistas del Real Zaragoza.<\/p>\n<p>&#013;<br \/>\nSource: Bolsamania.com<\/p>\n","protected":false},"excerpt":{"rendered":"<p>Noticia relacionada Las 10 fechas claves de la presidencia de C\u00e9sar Alierta en Telef\u00f3nica Hay que recordar que, en 2020,&#8230;<\/p>\n","protected":false},"author":1,"featured_media":69476,"comment_status":"open","ping_status":"closed","sticky":false,"template":"","format":"standard","meta":[],"categories":[104],"tags":[99],"_links":{"self":[{"href":"https:\/\/tuavaluo.com\/avaluo\/wp-json\/wp\/v2\/posts\/69475"}],"collection":[{"href":"https:\/\/tuavaluo.com\/avaluo\/wp-json\/wp\/v2\/posts"}],"about":[{"href":"https:\/\/tuavaluo.com\/avaluo\/wp-json\/wp\/v2\/types\/post"}],"author":[{"embeddable":true,"href":"https:\/\/tuavaluo.com\/avaluo\/wp-json\/wp\/v2\/users\/1"}],"replies":[{"embeddable":true,"href":"https:\/\/tuavaluo.com\/avaluo\/wp-json\/wp\/v2\/comments?post=69475"}],"version-history":[{"count":0,"href":"https:\/\/tuavaluo.com\/avaluo\/wp-json\/wp\/v2\/posts\/69475\/revisions"}],"wp:featuredmedia":[{"embeddable":true,"href":"https:\/\/tuavaluo.com\/avaluo\/wp-json\/wp\/v2\/media\/69476"}],"wp:attachment":[{"href":"https:\/\/tuavaluo.com\/avaluo\/wp-json\/wp\/v2\/media?parent=69475"}],"wp:term":[{"taxonomy":"category","embeddable":true,"href":"https:\/\/tuavaluo.com\/avaluo\/wp-json\/wp\/v2\/categories?post=69475"},{"taxonomy":"post_tag","embeddable":true,"href":"https:\/\/tuavaluo.com\/avaluo\/wp-json\/wp\/v2\/tags?post=69475"}],"curies":[{"name":"wp","href":"https:\/\/api.w.org\/{rel}","templated":true}]}}