{"id":69575,"date":"2024-01-11T21:28:27","date_gmt":"2024-01-11T21:28:27","guid":{"rendered":"https:\/\/tuavaluo.com\/avaluo\/2024\/01\/11\/mester-fed-cree-que-marzo-es-demasiado-pronto-para-recortar-tipos\/"},"modified":"2024-01-11T21:28:27","modified_gmt":"2024-01-11T21:28:27","slug":"mester-fed-cree-que-marzo-es-demasiado-pronto-para-recortar-tipos","status":"publish","type":"post","link":"https:\/\/tuavaluo.com\/avaluo\/2024\/01\/11\/mester-fed-cree-que-marzo-es-demasiado-pronto-para-recortar-tipos\/","title":{"rendered":"Mester (Fed) cree que marzo es &quot;demasiado pronto&quot; para recortar tipos"},"content":{"rendered":"<p>\u00ab<strong>Creo que marzo es probablemente demasiado pronto en mi estimaci\u00f3n de una ca\u00edda de las tasas<\/strong> porque creo que necesitamos ver m\u00e1s evidencia\u00bb, ha asegurado en una entrevista con \u00abBloomberg TV&#8217;.<\/p>\n<p>Seg\u00fan su criterio, el informe del IPC de diciembre, que ha dejado un repunte superior al esperado, \u00ab<strong>simplemente muestra que hay m\u00e1s trabajo por hacer, y ese trabajo requerir\u00e1 una pol\u00edtica monetaria restrictiva<\/strong>\u00ab. En cuanto a la tasa subyacente, que excluye los precios de los alimentos y de la energ\u00eda, se ha moderado una d\u00e9cima porcentual hasta el 3,9%.<\/p>\n<p>Mester considera que <strong>el informe de diciembre no supone necesariamente una ralentizaci\u00f3n del proceso desinflacionario,<\/strong> aunque se ha encomendado a la actividad de la Fed para que la tasa de crecimiento de los precios se encamine a la meta del 2%.<\/p>\n<p>\u00ab<strong>Obviamente no queremos que el avance de la inflaci\u00f3n se estanque<\/strong>, pero no creo que este informe sugiera que eso est\u00e9 sucediendo. Simplemente sugiere que tenemos m\u00e1s trabajo por hacer y estamos comprometidos a hacerlo\u00bb, ha concluido.<\/p>\n<p>&#013;<br \/>\nSource: Bolsamania.com<\/p>\n","protected":false},"excerpt":{"rendered":"<p>\u00abCreo que marzo es probablemente demasiado pronto en mi estimaci\u00f3n de una ca\u00edda de las tasas porque creo que necesitamos&#8230;<\/p>\n","protected":false},"author":1,"featured_media":0,"comment_status":"open","ping_status":"closed","sticky":false,"template":"","format":"standard","meta":[],"categories":[104],"tags":[99],"_links":{"self":[{"href":"https:\/\/tuavaluo.com\/avaluo\/wp-json\/wp\/v2\/posts\/69575"}],"collection":[{"href":"https:\/\/tuavaluo.com\/avaluo\/wp-json\/wp\/v2\/posts"}],"about":[{"href":"https:\/\/tuavaluo.com\/avaluo\/wp-json\/wp\/v2\/types\/post"}],"author":[{"embeddable":true,"href":"https:\/\/tuavaluo.com\/avaluo\/wp-json\/wp\/v2\/users\/1"}],"replies":[{"embeddable":true,"href":"https:\/\/tuavaluo.com\/avaluo\/wp-json\/wp\/v2\/comments?post=69575"}],"version-history":[{"count":0,"href":"https:\/\/tuavaluo.com\/avaluo\/wp-json\/wp\/v2\/posts\/69575\/revisions"}],"wp:attachment":[{"href":"https:\/\/tuavaluo.com\/avaluo\/wp-json\/wp\/v2\/media?parent=69575"}],"wp:term":[{"taxonomy":"category","embeddable":true,"href":"https:\/\/tuavaluo.com\/avaluo\/wp-json\/wp\/v2\/categories?post=69575"},{"taxonomy":"post_tag","embeddable":true,"href":"https:\/\/tuavaluo.com\/avaluo\/wp-json\/wp\/v2\/tags?post=69575"}],"curies":[{"name":"wp","href":"https:\/\/api.w.org\/{rel}","templated":true}]}}