{"id":69924,"date":"2024-01-19T11:23:10","date_gmt":"2024-01-19T11:23:10","guid":{"rendered":"https:\/\/tuavaluo.com\/avaluo\/2024\/01\/19\/telefonica-celebra-su-centenario-con-una-web-especial-y-concierto-en-el-bernabeu\/"},"modified":"2024-01-19T11:23:10","modified_gmt":"2024-01-19T11:23:10","slug":"telefonica-celebra-su-centenario-con-una-web-especial-y-concierto-en-el-bernabeu","status":"publish","type":"post","link":"https:\/\/tuavaluo.com\/avaluo\/2024\/01\/19\/telefonica-celebra-su-centenario-con-una-web-especial-y-concierto-en-el-bernabeu\/","title":{"rendered":"Telef\u00f3nica celebra su centenario con una web especial y concierto en el Bernab\u00e9u"},"content":{"rendered":"<p>La operadora <strong>ha estrenado su web del centenario, www.telefonica100.com<\/strong>, un site especialmente dise\u00f1ado y desarrollado para proponer un recorrido por la historia de la compa\u00f1\u00eda a trav\u00e9s de una selecci\u00f3n de piezas de su archivo documental -que <strong>se ha digitalizado y catalogado tambi\u00e9n con motivo del aniversario<\/strong>-. La web, concebida como una l\u00ednea del tiempo interactiva, lleva del pasado al futuro e ir\u00e1 creciendo con nuevos contenidos a medida que se vayan sucediendo los eventos del centenario, seg\u00fan ha adelantado la compa\u00f1\u00eda.<\/p>\n<p>Con motivo de la celebraci\u00f3n, Telef\u00f3nica ha puesto en marcha otra iniciativa llamada <strong>Universo Telef\u00f3nica<\/strong>, con la que quiere <strong>recopilar testimonios y recuerdos del mayor n\u00famero posible de empleados de la compa\u00f1\u00eda<\/strong> a lo largo de todos estos a\u00f1os. Tanto el actual equipo como las personas que hayan trabajado en Telef\u00f3nica en cualquier momento y cualquier pa\u00eds, pueden acceder al site habilitado para ello, www.telefonica.com\/universo-telefonica y cumplimentar un cuestionario.<\/p>\n<p>Este &#8216;inventario&#8217; de profesionales servir\u00e1 para <strong>crear la comunidad de &#8216;telef\u00f3nicos&#8217;<\/strong> y compartir conocimientos y experiencias comunes, ha indicado la empresa. Hasta la fecha, se han registrado en Universo Telef\u00f3nica m\u00e1s de 15.000 profesionales.<\/p>\n<h3>CELEBRACIONES<\/h3>\n<p>La m\u00fasica estar\u00e1 presente en los tres grandes eventos institucionales del a\u00f1o, en el Gran Teatre del Liceu de Barcelona, el Teatro Real de Madrid y el Estadio Santiago Bernab\u00e9u.<\/p>\n<p>El pr\u00f3ximo mes de febrero, durante <strong>el transcurso del Mobile World Congress en Barcelona<\/strong>, Telef\u00f3nica celebrar\u00e1 en el Gran Teatre del Liceu un concierto en el que la m\u00fasica cl\u00e1sica interpretada por el <strong>pianista chino Lang Lang<\/strong> convivir\u00e1 con la tecnolog\u00eda m\u00e1s puntera, seg\u00fan ha explicado la operadora.<\/p>\n<p>El 19 de abril, d\u00eda del centenario, culminar\u00e1 con <strong>un gran concierto de m\u00fasica cl\u00e1sica en el Teatro Real de Madrid con representaci\u00f3n institucional<\/strong>.<\/p>\n<p>Tambi\u00e9n el 19 de abril <strong>finaliza el PLAN100, el plan de acciones<\/strong> lanzado con motivo del centenario al que se inscribieron cerca de <strong>30.000 empleados<\/strong> de Telef\u00f3nica en todo el mundo.<\/p>\n<p>Los empleados y sus familias estar\u00e1n en el centro de la celebraci\u00f3n como protagonistas de estos cien a\u00f1os, ha remarcado la operadora. Las puertas de muchos centros de trabajo se abrir\u00e1n el fin de semana del 20 y 21 de abril.<\/p>\n<p>El <strong>18 de mayo se celebrar\u00e1 un gran concierto solidario en el Santiago Bernab\u00e9u.<\/strong><\/p>\n<p>La \u00faltima etapa de la Vuelta Ciclista a Espa\u00f1a ser\u00e1 una contrarreloj individual que <strong>saldr\u00e1 de Distrito Telef\u00f3nica en Madrid y llegar\u00e1 a la sede hist\u00f3rica de Gran V\u00eda 28.<\/strong><\/p>\n<h3>FINAL DEL PROCESO DE TRANSFORMACI\u00d3N DE LA RED FIJA<\/h3>\n<p>En Espa\u00f1a, el centenario coincidir\u00e1 con <strong>la culminaci\u00f3n del proceso de transformaci\u00f3n de su infraestructura fija<\/strong>. Alrededor de la fecha del aniversario, el 19 de abril, Telef\u00f3nica <strong>apagar\u00e1 todas sus centrales de cobre<\/strong>. Cuando el proceso termine, se habr\u00e1 conseguido una reconversi\u00f3n de la red que incluir\u00e1 <strong>el cierre de un total 8.532 centrales<\/strong>.<\/p>\n<p>Por su parte, <strong>Fundaci\u00f3n Telef\u00f3nica<\/strong> ha puesto en marcha el ciclo <strong>\u2018Imagina el futuro que queremos\u2019<\/strong> para dar voz a diferentes pensadores, investigadores, intelectuales y cient\u00edficos de cara a pensar en construir desde hoy un futuro mejor. Un ciclo que nace con la mirada puesta en la celebraci\u00f3n del centenario y que ha contado con personajes tan relevantes como la Premio Pulitzer, Jane Smiley o el Premio Nobel de Literatura 2021, Abdulrazak Gurnah.<\/p>\n<p>En el segundo trimestre del a\u00f1o, en el Espacio Fundaci\u00f3n Telef\u00f3nica de Gran v\u00eda 28, se presentar\u00e1<strong> la nueva exposici\u00f3n permanente &#8216;Exponencial. De anal\u00f3gicos a digitales&#8217;<\/strong>, que explora el impacto que ha tenido el desarrollo de las telecomunicaciones en todos los \u00e1mbitos de nuestras vidas.<\/p>\n<p>Por \u00faltimo, y entre otras muchas iniciativas que ir\u00e1n conoci\u00e9ndose durante estos meses, <strong>Fundaci\u00f3n Telef\u00f3nica presentar\u00e1 el Libro del Centenario<\/strong>, que recoge y documenta este siglo de actividad.<\/p>\n<h3>CAMPA\u00d1A &#8216;BESOS&#8217;<\/h3>\n<p>El pasado mes de diciembre se estren\u00f3 la primera campa\u00f1a institucional de Telef\u00f3nica asociada al centenario, &#8216;Besos&#8217;. El spot muestra la evoluci\u00f3n de la tecnolog\u00eda desde 1924 y c\u00f3mo gracias a ella la operadora ha conectado a las personas.<\/p>\n<p>En una segunda fase, la campa\u00f1a <strong>ha empleado herramientas de big data<\/strong> para revelar que las redes de Telef\u00f3nica transportan m\u00e1s de 10 millones de besos cada d\u00eda.<\/p>\n<p>&#013;<br \/>\nSource: Bolsamania.com<\/p>\n","protected":false},"excerpt":{"rendered":"<p>La operadora ha estrenado su web del centenario, www.telefonica100.com, un site especialmente dise\u00f1ado y desarrollado para proponer un recorrido por&#8230;<\/p>\n","protected":false},"author":1,"featured_media":0,"comment_status":"open","ping_status":"closed","sticky":false,"template":"","format":"standard","meta":[],"categories":[104],"tags":[99],"_links":{"self":[{"href":"https:\/\/tuavaluo.com\/avaluo\/wp-json\/wp\/v2\/posts\/69924"}],"collection":[{"href":"https:\/\/tuavaluo.com\/avaluo\/wp-json\/wp\/v2\/posts"}],"about":[{"href":"https:\/\/tuavaluo.com\/avaluo\/wp-json\/wp\/v2\/types\/post"}],"author":[{"embeddable":true,"href":"https:\/\/tuavaluo.com\/avaluo\/wp-json\/wp\/v2\/users\/1"}],"replies":[{"embeddable":true,"href":"https:\/\/tuavaluo.com\/avaluo\/wp-json\/wp\/v2\/comments?post=69924"}],"version-history":[{"count":0,"href":"https:\/\/tuavaluo.com\/avaluo\/wp-json\/wp\/v2\/posts\/69924\/revisions"}],"wp:attachment":[{"href":"https:\/\/tuavaluo.com\/avaluo\/wp-json\/wp\/v2\/media?parent=69924"}],"wp:term":[{"taxonomy":"category","embeddable":true,"href":"https:\/\/tuavaluo.com\/avaluo\/wp-json\/wp\/v2\/categories?post=69924"},{"taxonomy":"post_tag","embeddable":true,"href":"https:\/\/tuavaluo.com\/avaluo\/wp-json\/wp\/v2\/tags?post=69924"}],"curies":[{"name":"wp","href":"https:\/\/api.w.org\/{rel}","templated":true}]}}