{"id":69946,"date":"2024-01-19T15:47:57","date_gmt":"2024-01-19T15:47:57","guid":{"rendered":"https:\/\/tuavaluo.com\/avaluo\/2024\/01\/19\/el-ministro-de-finanzas-de-alemania-ve-al-pais-como-el-hombre-cansado-de-europa\/"},"modified":"2024-01-19T15:47:57","modified_gmt":"2024-01-19T15:47:57","slug":"el-ministro-de-finanzas-de-alemania-ve-al-pais-como-el-hombre-cansado-de-europa","status":"publish","type":"post","link":"https:\/\/tuavaluo.com\/avaluo\/2024\/01\/19\/el-ministro-de-finanzas-de-alemania-ve-al-pais-como-el-hombre-cansado-de-europa\/","title":{"rendered":"El ministro de Finanzas de Alemania ve al pa\u00eds como &quot;el hombre cansado de Europa&quot;"},"content":{"rendered":"<p>\u00abS\u00e9 lo que algunos de ustedes est\u00e1n pensando:<strong> Alemania probablemente est\u00e9 enferma. Alemania no es el hombre enfermo<\/strong>\u00ab, ha destacado Lindner en declaraciones recogidas por &#8216;CNBC&#8217;.<\/p>\n<p>Seg\u00fan su criterio, \u00abdespu\u00e9s de un per\u00edodo muy exitoso desde 2012 y este a\u00f1o de crisis<strong>, Alemania es un hombre cansado despu\u00e9s de una noche corta<\/strong>\u00ab.<\/p>\n<p>\u00abLas expectativas de bajo crecimiento son en parte una llamada de atenci\u00f3n, y ahora tomamos una buena taza de caf\u00e9, lo que significa<strong> reformas estructurales, y entonces seguiremos teniendo \u00e9xito econ\u00f3mico<\/strong>\u00ab, ha se\u00f1alado.<\/p>\n<p>Los \u00faltimos datos muestran que <strong>el Producto Interior Bruto (PIB) de Alemania se contrajo un 0,3% en 2023,<\/strong> seg\u00fan las cifras preliminares publicados por Destatis, la Oficina Federal de Estad\u00edstica, desde donde remarcan que \u00ablas consecuencias de la crisis mundial est\u00e1n ejerciendo presi\u00f3n sobre la econom\u00eda alemana\u00bb. Un a\u00f1o antes, en 2022, registr\u00f3 un crecimiento del 1,8%.<\/p>\n<p>\u00abEl <strong>desarrollo econ\u00f3mico general en Alemania se estanc\u00f3<\/strong> en 2023 en un entorno todav\u00eda plagado de crisis\u00bb, se\u00f1al\u00f3 la presidenta de Destatis, <strong>Ruth Brandt.<\/strong><\/p>\n<p>Asimismo, a finales de a\u00f1o el Gobierno que lidera el canciller <strong>Olaf Scholz lleg\u00f3 a un acuerdo para asegurarse la aprobaci\u00f3n de los presupuestos de 2024<\/strong>, en los que se mantendr\u00e1n las restricciones de deuda con las que el Gobierno pretende ahorrar aproximadamente 17.000 millones de euros.<\/p>\n<p>En este sentido, Lindner ha destacado que el pa\u00eds tuvo que \u00abresolver\u00bb sus problemas de deuda y d\u00e9ficit, lo que <strong>lo ha convertido en \u00abel ministro m\u00e1s solitario del gabinete\u00bb.<\/strong><\/p>\n<p>&#013;<br \/>\nSource: Bolsamania.com<\/p>\n","protected":false},"excerpt":{"rendered":"<p>\u00abS\u00e9 lo que algunos de ustedes est\u00e1n pensando: Alemania probablemente est\u00e9 enferma. Alemania no es el hombre enfermo\u00ab, ha destacado&#8230;<\/p>\n","protected":false},"author":1,"featured_media":0,"comment_status":"open","ping_status":"closed","sticky":false,"template":"","format":"standard","meta":[],"categories":[104],"tags":[99],"_links":{"self":[{"href":"https:\/\/tuavaluo.com\/avaluo\/wp-json\/wp\/v2\/posts\/69946"}],"collection":[{"href":"https:\/\/tuavaluo.com\/avaluo\/wp-json\/wp\/v2\/posts"}],"about":[{"href":"https:\/\/tuavaluo.com\/avaluo\/wp-json\/wp\/v2\/types\/post"}],"author":[{"embeddable":true,"href":"https:\/\/tuavaluo.com\/avaluo\/wp-json\/wp\/v2\/users\/1"}],"replies":[{"embeddable":true,"href":"https:\/\/tuavaluo.com\/avaluo\/wp-json\/wp\/v2\/comments?post=69946"}],"version-history":[{"count":0,"href":"https:\/\/tuavaluo.com\/avaluo\/wp-json\/wp\/v2\/posts\/69946\/revisions"}],"wp:attachment":[{"href":"https:\/\/tuavaluo.com\/avaluo\/wp-json\/wp\/v2\/media?parent=69946"}],"wp:term":[{"taxonomy":"category","embeddable":true,"href":"https:\/\/tuavaluo.com\/avaluo\/wp-json\/wp\/v2\/categories?post=69946"},{"taxonomy":"post_tag","embeddable":true,"href":"https:\/\/tuavaluo.com\/avaluo\/wp-json\/wp\/v2\/tags?post=69946"}],"curies":[{"name":"wp","href":"https:\/\/api.w.org\/{rel}","templated":true}]}}