{"id":70052,"date":"2024-01-23T10:22:46","date_gmt":"2024-01-23T10:22:46","guid":{"rendered":"https:\/\/tuavaluo.com\/avaluo\/2024\/01\/23\/madrid-e-ifema-acogeran-el-gran-premio-de-espana-de-f1-desde-2026-y-hasta-2035\/"},"modified":"2024-01-23T10:22:46","modified_gmt":"2024-01-23T10:22:46","slug":"madrid-e-ifema-acogeran-el-gran-premio-de-espana-de-f1-desde-2026-y-hasta-2035","status":"publish","type":"post","link":"https:\/\/tuavaluo.com\/avaluo\/2024\/01\/23\/madrid-e-ifema-acogeran-el-gran-premio-de-espana-de-f1-desde-2026-y-hasta-2035\/","title":{"rendered":"Madrid e IFEMA acoger\u00e1n el Gran Premio de Espa\u00f1a de F1 desde 2026 y hasta 2035"},"content":{"rendered":"<p>El contrato \u00abde muy larga duraci\u00f3n\u00bb aportar\u00e1, entre otras ventajas, \u00abel horizonte necesario para<strong> asegurar el retorno de las inversiones y consecuentemente favorece la viabilidad econ\u00f3mica<\/strong> de este importante proyecto, afrontado exclusivamente con capital privado\u00bb, seg\u00fan explican ambas entidades en un comunicado conjunto.<\/p>\n<p>En dicho escrito se destaca que el proyecto presentado por IFEMA a F1 para convertirse en sede y promotor del Gran Premio de Espa\u00f1a ha manejado como \u00abargumentos fundamentales\u00bb su \u00ab<strong>capacidad contrastada para albergar grandes eventos mundiales; su flexibilidad organizativa; su solvencia financiera, y la versatilidad, equipamiento y perfecta localizaci\u00f3n de sus recintos<\/strong>, entre otras importantes ventajas competitivas\u00bb.<\/p>\n<blockquote class=\"twitter-tweet\">\n<p dir=\"ltr\" lang=\"en\">F1 is coming to Madrid in 2026! \ud83e\udd29\ud83c\uddea\ud83c\uddf8<a href=\"https:\/\/twitter.com\/hashtag\/F1?src=hash&amp;ref_src=twsrc%5Etfw\" target=\"_blank\"  rel=\"nofollow\" >#F1<\/a> <a href=\"https:\/\/twitter.com\/IFEMA?ref_src=twsrc%5Etfw\" target=\"_blank\"  rel=\"nofollow\" >@IFEMA<\/a> <a href=\"https:\/\/t.co\/QkvpE02WNQ\" target=\"_blank\"  rel=\"nofollow\" >pic.twitter.com\/QkvpE02WNQ<\/a><\/p>\n<p>\u2014 Formula 1 (@F1) <a href=\"https:\/\/twitter.com\/F1\/status\/1749728737543753828?ref_src=twsrc%5Etfw\" target=\"_blank\"  rel=\"nofollow\" >January 23, 2024<\/a><\/p><\/blockquote>\n<p>El trazado propuesto utilizar\u00eda los viales de IFEMA, tanto del recinto actual como los futuros de la parcela de Valdebebas, adem\u00e1s de apenas 1,5 kil\u00f3metros de v\u00eda p\u00fablica. Seg\u00fan explican ambas entidades, el proyecto se beneficiar\u00e1 de unas instalaciones \u00abexcepcionales\u00bb de <strong>m\u00e1s de 200.000 metros cuadrados de pabellones caracter\u00edsticas cubierto; 10.000 metros de espacios de reuniones polivalentes; y 10.000 plazas de aparcamiento<\/strong>.<\/p>\n<p>\u00abTodas las infraestructuras dotadas de la \u00faltima tecnolog\u00eda y avanzados sistemas de seguridad, comunicaci\u00f3n y climatizaci\u00f3n que har\u00e1n posible elevar los est\u00e1ndares de la experiencia tanto de los participantes como de los apasionados seguidores de la F\u00f3rmula 1, generando espacios in\u00e9ditos en la competici\u00f3n como paddock cubierto y climatizado o amplias zonas para activaci\u00f3n de experiencias para los aficionados\u00bb, apuntan.<\/p>\n<p>Pero eso no es todo. La materializaci\u00f3n del proyecto a\u00f1adir\u00e1 a su vez al recinto nuevas construcciones, como sendos edificios que <strong>prolongar\u00e1n los pabellones 1 y 2, para albergar el m\u00e1s exclusivo Paddock Club<\/strong>, entre otras infraestructuras, que ser\u00e1n explotados y comercializados por IFEMA Madrid para su actividad habitual el resto del a\u00f1o.<\/p>\n<p>La Comunidad de Madrid tambi\u00e9n se ver\u00e1 muy beneficiada por la celebraci\u00f3n del GP. F1 estima que <strong>85.000 turistas visitar\u00e1n la regi\u00f3n<\/strong> para acudir al fin de semana de carreras y, seg\u00fan c\u00e1lculos de la consultora Deloitte, el Gran Premio tendr\u00e1 un impacto de m\u00e1s de 450 millones de euros en ingresos anuales para Madrid, as\u00ed como la creaci\u00f3n de 8.200 empleos. A ello se sumar\u00eda tambi\u00e9n la <strong>importante aportaci\u00f3n en t\u00e9rminos de imagen de marca, con audiencias anuales de m\u00e1s de 1.550 millones de personas<\/strong>.<\/p>\n<blockquote class=\"twitter-tweet\">\n<p dir=\"ltr\" lang=\"en\">Let\u2019s go racing in Madrid!<\/p>\n<p>Say hello to the brand-new circuit built around the <a href=\"https:\/\/twitter.com\/IFEMA?ref_src=twsrc%5Etfw\" target=\"_blank\"  rel=\"nofollow\" >@IFEMA<\/a> Exhibition Centre \u2728<a href=\"https:\/\/twitter.com\/hashtag\/F1?src=hash&amp;ref_src=twsrc%5Etfw\" target=\"_blank\"  rel=\"nofollow\" >#F1<\/a> <a href=\"https:\/\/t.co\/klysY8HAiT\" target=\"_blank\"  rel=\"nofollow\" >pic.twitter.com\/klysY8HAiT<\/a><\/p>\n<p>\u2014 Formula 1 (@F1) <a href=\"https:\/\/twitter.com\/F1\/status\/1749731195917672710?ref_src=twsrc%5Etfw\" target=\"_blank\"  rel=\"nofollow\" >January 23, 2024<\/a><\/p><\/blockquote>\n<p><strong>Stefano Domenicali,<\/strong> presidente y CEO de F\u00f3rmula 1, afirma que \u00abMadrid es una ciudad incre\u00edble con un patrimonio deportivo y cultural asombroso, y el anuncio de hoy inicia un nuevo y emocionante cap\u00edtulo para la F1 en Espa\u00f1a\u00bb. \u00abMe gustar\u00eda dar las gracias al equipo de IFEMA Madrid, al Gobierno Regional de Madrid y al alcalde de la ciudad por haber elaborado una propuesta fant\u00e1stica. <strong>Realmente personifica la visi\u00f3n de la F\u00f3rmula 1<\/strong> para crear un espect\u00e1culo de varios d\u00edas de deporte y entretenimiento que ofrece el m\u00e1ximo valor para los aficionados y abraza la innovaci\u00f3n y la sostenibilidad\u00bb, agrega.<\/p>\n<p>Por su parte, <strong>Jos\u00e9 Vicente de los Mozos<\/strong>, presidente del Comit\u00e9 Ejecutivo de IFEMA Madrid, destaca que \u00abhemos conseguido hacer realidad el sue\u00f1o de albergar un gran evento de la Formula 1 alrededor de las instalaciones de IFEMA Madrid. Estamos felices de anunciar que la F1 volver\u00e1 a Madrid tras m\u00e1s de cuatro d\u00e9cadas. Desde IFEMA Madrid tenemos la ambici\u00f3n de organizar un Gran Premio que <strong>se convertir\u00e1 en una referencia del calendario internacional<\/strong> de la F1&#8243;.<\/p>\n<p>\u00abConceptualizado y dise\u00f1ado espec\u00edficamente para ofrecer una experiencia diferencial y \u00fanica tanto para los aficionados como para los equipos participantes en la competici\u00f3n, Madrid quiere profundizar en el desarrollo de un nuevo paradigma que combine deporte y espect\u00e1culo, ofreciendo un evento memorable\u201d, ha apuntado De los Mozos.<\/p>\n<p>De su lado, <strong>Isabel D\u00edaz<\/strong> <strong>Ayuso<\/strong>, presidenta de la Comunidad de Madrid, ha asegurado que \u00abes una gran satisfacci\u00f3n anunciar que la F\u00f3rmula 1 llega a la Comunidad de Madrid, a una regi\u00f3n y una capital que despiertan apertura y confianza dentro y fuera de nuestras fronteras\u00bb.<\/p>\n<p>\u00ab<strong>Somos motor de Espa\u00f1a.<\/strong> Este evento, que podr\u00e1 ser seguido por 70 millones de personas, supondr\u00e1 m\u00e1s de 4.500 millones de euros de incremento del PIB madrile\u00f1o y generar\u00e1 m\u00e1s de 8.200 empleos. La Comunidad de Madrid es una regi\u00f3n con una gran proyecci\u00f3n internacional, abierta, plural y competitiva y la F1 contribuir\u00e1 a consolidar a\u00fan m\u00e1s la marca Madrid entre las mejores del mundo\u00bb, sentencia Ayuso.<\/p>\n<p>Asimismo, <strong>Jos\u00e9 Luis Mart\u00ednez-Almeida,<\/strong> alcalde de Madrid, ha subrayado que, \u00abcon la llegada del Gran Premio, Madrid acelera hacia el futuro y entra en el exclusivo grupo de ciudades que hoy albergan la F1,<strong> situ\u00e1ndonos a la cabeza de las capitales mundiales en la atracci\u00f3n de grandes eventos<\/strong>\u00ab.<\/p>\n<p>\u00abSabemos que la F1 es m\u00e1s que una carrera, es una oportunidad sin precedentes para impulsar la transformaci\u00f3n que vive Madrid, y mostrar al mundo de lo que somos capaces. Tengo total confianza de que Madrid estar\u00e1 a la altura, no solo porque nos merecemos un espect\u00e1culo de la magnitud de la F1, sino porque la F1 merece una ciudad con la energ\u00eda, el car\u00e1cter y la pasi\u00f3n de Madrid\u00bb, ha agregado Almeida.<\/p>\n<p><strong>-EN AMPLIACI\u00d3N-<\/strong><\/p>\n<p>&#013;<br \/>\nSource: Bolsamania.com<\/p>\n","protected":false},"excerpt":{"rendered":"<p>El contrato \u00abde muy larga duraci\u00f3n\u00bb aportar\u00e1, entre otras ventajas, \u00abel horizonte necesario para asegurar el retorno de las inversiones&#8230;<\/p>\n","protected":false},"author":1,"featured_media":0,"comment_status":"open","ping_status":"closed","sticky":false,"template":"","format":"standard","meta":[],"categories":[104],"tags":[99],"_links":{"self":[{"href":"https:\/\/tuavaluo.com\/avaluo\/wp-json\/wp\/v2\/posts\/70052"}],"collection":[{"href":"https:\/\/tuavaluo.com\/avaluo\/wp-json\/wp\/v2\/posts"}],"about":[{"href":"https:\/\/tuavaluo.com\/avaluo\/wp-json\/wp\/v2\/types\/post"}],"author":[{"embeddable":true,"href":"https:\/\/tuavaluo.com\/avaluo\/wp-json\/wp\/v2\/users\/1"}],"replies":[{"embeddable":true,"href":"https:\/\/tuavaluo.com\/avaluo\/wp-json\/wp\/v2\/comments?post=70052"}],"version-history":[{"count":0,"href":"https:\/\/tuavaluo.com\/avaluo\/wp-json\/wp\/v2\/posts\/70052\/revisions"}],"wp:attachment":[{"href":"https:\/\/tuavaluo.com\/avaluo\/wp-json\/wp\/v2\/media?parent=70052"}],"wp:term":[{"taxonomy":"category","embeddable":true,"href":"https:\/\/tuavaluo.com\/avaluo\/wp-json\/wp\/v2\/categories?post=70052"},{"taxonomy":"post_tag","embeddable":true,"href":"https:\/\/tuavaluo.com\/avaluo\/wp-json\/wp\/v2\/tags?post=70052"}],"curies":[{"name":"wp","href":"https:\/\/api.w.org\/{rel}","templated":true}]}}