{"id":70194,"date":"2024-01-25T10:03:51","date_gmt":"2024-01-25T10:03:51","guid":{"rendered":"https:\/\/tuavaluo.com\/avaluo\/2024\/01\/25\/la-situacion-se-complica-en-alemania-el-ifo-de-clima-empresarial-cae-al-852-en-enero\/"},"modified":"2024-01-25T10:03:51","modified_gmt":"2024-01-25T10:03:51","slug":"la-situacion-se-complica-en-alemania-el-ifo-de-clima-empresarial-cae-al-852-en-enero","status":"publish","type":"post","link":"https:\/\/tuavaluo.com\/avaluo\/2024\/01\/25\/la-situacion-se-complica-en-alemania-el-ifo-de-clima-empresarial-cae-al-852-en-enero\/","title":{"rendered":"La situaci\u00f3n se complica en Alemania: el Ifo de clima empresarial cae al 85,2 en enero"},"content":{"rendered":"<div class=\"read-more-links\">\n<h5>Noticia relacionada<\/h5>\n<p><a class=\"readMore\" href=\"https:\/\/www.bolsamania.com\/noticias\/economia\/ministro-economia-alemania-pais-hombre-cansado-europa--15900594.html\" rel=\"noopener noreferrer\" target=\"_blank\" data-id=\"15900594\" rel=\"nofollow\" ><\/p>\n<figure><img class=\"lazy\" title=\"Leer m\u00e1s\" data-original=\"https:\/\/img1.s3wfg.com\/web\/img\/images_uploaded\/6\/a\/christian-lindner.png\" data-src=\"https:\/\/img1.s3wfg.com\/web\/img\/images_uploaded\/6\/a\/christian-lindner.png\" \/><\/figure>\n<p>El ministro de Finanzas de Alemania ve al pa\u00eds como \u00abel hombre cansado de Europa\u00bb <\/a><\/div>\n<p>\u00abLa econom\u00eda alemana est\u00e1 estancada en recesi\u00f3n\u00bb, dice el instituto Ifo. En el <strong>sector manufacturero<\/strong>, el \u00edndice de clima empresarial ha subido a -16, desde el -17,4 anterior, y es que \u00ablas empresas se han mostrado algo m\u00e1s satisfechas con su negocio actual\u00bb. Sus expectativas tambi\u00e9n han mejorado, aunque siguieron siendo pesimistas, y las carteras de pedidos han seguido reduci\u00e9ndose, aunque menos r\u00e1pido que el ritmo percibido a finales de a\u00f1o.<\/p>\n<p>Sin embargo, el clima empresarial en el <strong>sector servicios<\/strong> se ha \u00abensombrecido considerablemente\u00bb, seg\u00fan el Ifo. En enero el \u00edndice se ha situado en -4,9, desde -1,7 que marc\u00f3 en diciembre. Esto se debe, sobre todo, a las valoraciones \u00abclaramente peores\u00bb de la situaci\u00f3n actual. Los proveedores de servicios est\u00e1n ahora mucho m\u00e1s insatisfechos con su cartera de pedidos, por lo que sus expectativas son un poco m\u00e1s pesimistas.<\/p>\n<p>En el <strong>comercio<\/strong>, el \u00edndice ha ca\u00eddo en enero a su nivel m\u00e1s bajo desde octubre de 2022 (-29,7, frente al -26,7 de diciembre). Las empresas comerciales est\u00e1n menos satisfechas con su situaci\u00f3n comercial actual, y sus expectativas tambi\u00e9n se han deteriorado, tanto entre los mayoristas como entre los minoristas.<\/p>\n<p>En el sector de la <strong>construcci\u00f3n<\/strong>, por su parte, el \u00edndice de clima empresarial sigue cayendo hasta el -35,9 en enero, frente al -33,5 del mes previo. Las empresas eval\u00faan su situaci\u00f3n empresarial actual como peor, y su ya sombr\u00edo panorama para los pr\u00f3ximos meses se ha vuelto a\u00fan m\u00e1s sombr\u00edo.<\/p>\n<p><strong>LA RECUPERACI\u00d3N \u00abPUEDE RETRASARSE\u00bb<\/strong><\/p>\n<p>Los expertos de Pantheon Macroeconomics han valorado estos datos, y comentan que la ca\u00edda del Ifo \u00abse suma al mensaje del PMI de que <strong>la recuperaci\u00f3n del PIB alem\u00e1n puede retrasarse m\u00e1s all\u00e1 del primer trimestre<\/strong>\u00ab. Adem\u00e1s, destacan que la resoluci\u00f3n del estancamiento fiscal alem\u00e1n, que se produjo despu\u00e9s de que se realizara la mayor parte del trabajo para la encuesta de diciembre, \u00abno ha respaldado la confianza en enero como pens\u00e1bamos que lo har\u00eda\u00bb.<\/p>\n<p>\u00abSaber que seguir\u00e1n recibiendo los subsidios que deb\u00edan recibir este a\u00f1o, a pesar de la objeci\u00f3n de los tribunales a algunas medidas fiscales, no ha apaciguado a la mayor\u00eda de las empresas que <strong>ahora est\u00e1n lidiando con impuestos m\u00e1s altos<\/strong> para compensar el mayor gasto de dicho Gobierno, incluido el impuesto a las emisiones de carbono\u00bb, apuntan estos analistas.<\/p>\n<p>Asimismo, afirman que <strong>el aumento de la incertidumbre geopol\u00edtica \u00abtampoco ayuda\u00bb<\/strong>. \u00abEsperamos un <strong>aumento de la confianza<\/strong>, dado el aumento del sentimiento de los inversores\u00bb, destacan, pero creen que <strong>\u00abser\u00e1 peque\u00f1o\u00bb<\/strong> y, por lo tanto, solo esperan un \u00abtibio repunte del PIB\u00bb a principios de 2024.<\/p>\n<p>Seg\u00fan sus estimaciones, <strong>el PIB se estancar\u00e1 en el primer trimestre<\/strong>, despu\u00e9s de caer un 0,3% intertrimestral en el cuarto trimestre. \u00abLa publicaci\u00f3n del Ifo de hoy y la ca\u00edda del PMI de ayer apuntan a riesgos a la baja para nuestra previsi\u00f3n\u00bb, alertan.<\/p>\n<p>&#013;<br \/>\nSource: Bolsamania.com<\/p>\n","protected":false},"excerpt":{"rendered":"<p>Noticia relacionada El ministro de Finanzas de Alemania ve al pa\u00eds como \u00abel hombre cansado de Europa\u00bb \u00abLa econom\u00eda alemana&#8230;<\/p>\n","protected":false},"author":1,"featured_media":70195,"comment_status":"open","ping_status":"closed","sticky":false,"template":"","format":"standard","meta":[],"categories":[104],"tags":[99],"_links":{"self":[{"href":"https:\/\/tuavaluo.com\/avaluo\/wp-json\/wp\/v2\/posts\/70194"}],"collection":[{"href":"https:\/\/tuavaluo.com\/avaluo\/wp-json\/wp\/v2\/posts"}],"about":[{"href":"https:\/\/tuavaluo.com\/avaluo\/wp-json\/wp\/v2\/types\/post"}],"author":[{"embeddable":true,"href":"https:\/\/tuavaluo.com\/avaluo\/wp-json\/wp\/v2\/users\/1"}],"replies":[{"embeddable":true,"href":"https:\/\/tuavaluo.com\/avaluo\/wp-json\/wp\/v2\/comments?post=70194"}],"version-history":[{"count":0,"href":"https:\/\/tuavaluo.com\/avaluo\/wp-json\/wp\/v2\/posts\/70194\/revisions"}],"wp:featuredmedia":[{"embeddable":true,"href":"https:\/\/tuavaluo.com\/avaluo\/wp-json\/wp\/v2\/media\/70195"}],"wp:attachment":[{"href":"https:\/\/tuavaluo.com\/avaluo\/wp-json\/wp\/v2\/media?parent=70194"}],"wp:term":[{"taxonomy":"category","embeddable":true,"href":"https:\/\/tuavaluo.com\/avaluo\/wp-json\/wp\/v2\/categories?post=70194"},{"taxonomy":"post_tag","embeddable":true,"href":"https:\/\/tuavaluo.com\/avaluo\/wp-json\/wp\/v2\/tags?post=70194"}],"curies":[{"name":"wp","href":"https:\/\/api.w.org\/{rel}","templated":true}]}}