{"id":70396,"date":"2024-01-30T10:13:41","date_gmt":"2024-01-30T10:13:41","guid":{"rendered":"https:\/\/tuavaluo.com\/avaluo\/2024\/01\/30\/la-caida-de-acs-por-abertis-es-excesiva-y-da-una-oportunidad-para-entrar-en-el-valor\/"},"modified":"2024-01-30T10:13:41","modified_gmt":"2024-01-30T10:13:41","slug":"la-caida-de-acs-por-abertis-es-excesiva-y-da-una-oportunidad-para-entrar-en-el-valor","status":"publish","type":"post","link":"https:\/\/tuavaluo.com\/avaluo\/2024\/01\/30\/la-caida-de-acs-por-abertis-es-excesiva-y-da-una-oportunidad-para-entrar-en-el-valor\/","title":{"rendered":"La ca\u00edda de ACS por Abertis &quot;es excesiva&quot; y &quot;da una oportunidad&quot; para entrar en el valor"},"content":{"rendered":"<p>As\u00ed lo creen tanto Juan Tuesta, experto de Bankinter, como \u00c1ngel P\u00e9rez, analista de Renta 4. Este \u00faltimo a\u00f1ade que esta sobrerreacci\u00f3n de los t\u00edtulos de ACS <strong>\u00abest\u00e1 dando una oportunidad para tomar posiciones en el valor\u00bb<\/strong>. <\/p>\n<p>Abertis ha anunciado que apelar\u00e1 el resultado de la sentencia y se\u00f1ala que el impacto para el conjunto de compa\u00f1\u00eda supone una p\u00e9rdida contable neta de provisiones de 250 millones y que, teniendo en cuenta otras reversiones de provisiones e ingresos extraordinarios, el impacto neto en el resultado de Abertis en 2023 ser\u00e1 de s\u00f3lo unos 29 millones.<\/p>\n<p>Por su parte, ACS tambi\u00e9n ha emitido un comunicado en el que se\u00f1ala que el impacto negativo en sus cuentas consolidadas ser\u00e1 de 14,5 millones y, por tanto, inmaterial.<\/p>\n<p>Tanto el experto de Bankinter como el de Renta 4 explican que en su valoraci\u00f3n de ACS no hab\u00edan incorporado cobro alguno relacionado con esta situaci\u00f3n de Abertis. \u00ab<strong>No contempl\u00e1bamos en nuestra valoraci\u00f3n un posible fallo favorable<\/strong> por parte del Tribunal Supremo. Lo asum\u00edamos, en caso de que finalmente as\u00ed fuera, como un posible catalizador de la cotizaci\u00f3n\u00bb, explica P\u00e9rez. <\/p>\n<p>\u00abCreemos que la reacci\u00f3n del mercado ayer fue excesiva ya que la p\u00e9rdida de capitalizaci\u00f3n burs\u00e1til de ACS (m\u00e1s de 1.100 millones) fue muy superior al impacto real\u00bb, insiste Tuesta. \u00ab<strong>Esta sobrerreacci\u00f3n del mercado deber\u00eda tender a corregirse en el corto plazo<\/strong>, ajustando el recorte hacia los niveles reales de destrucci\u00f3n de valor\u00bb.<\/p>\n<p>\u00c1ngel P\u00e9rez, por su parte, hace hincapi\u00e9 en el balance \u00abrobusto\u00bb de Abertis, m\u00e1s si cabe desde el pacto entre sus accionistas y la peque\u00f1a ampliaci\u00f3n de capital que llevaron a cabo. \u00abAunque el importe que pudieran haber recibido por esta compensaci\u00f3n ser\u00eda un impulso muy importante para su expansi\u00f3n inorg\u00e1nica, consideramos que sigue teniendo capacidad para seguir con dicha estrategia a medio plazo, y que esto no suponga un cambio en su pol\u00edtica de dividendos\u00bb<\/p>\n<p>&#013;<br \/>\nSource: Bolsamania.com<\/p>\n","protected":false},"excerpt":{"rendered":"<p>As\u00ed lo creen tanto Juan Tuesta, experto de Bankinter, como \u00c1ngel P\u00e9rez, analista de Renta 4. Este \u00faltimo a\u00f1ade que&#8230;<\/p>\n","protected":false},"author":1,"featured_media":0,"comment_status":"open","ping_status":"closed","sticky":false,"template":"","format":"standard","meta":[],"categories":[104],"tags":[99],"_links":{"self":[{"href":"https:\/\/tuavaluo.com\/avaluo\/wp-json\/wp\/v2\/posts\/70396"}],"collection":[{"href":"https:\/\/tuavaluo.com\/avaluo\/wp-json\/wp\/v2\/posts"}],"about":[{"href":"https:\/\/tuavaluo.com\/avaluo\/wp-json\/wp\/v2\/types\/post"}],"author":[{"embeddable":true,"href":"https:\/\/tuavaluo.com\/avaluo\/wp-json\/wp\/v2\/users\/1"}],"replies":[{"embeddable":true,"href":"https:\/\/tuavaluo.com\/avaluo\/wp-json\/wp\/v2\/comments?post=70396"}],"version-history":[{"count":0,"href":"https:\/\/tuavaluo.com\/avaluo\/wp-json\/wp\/v2\/posts\/70396\/revisions"}],"wp:attachment":[{"href":"https:\/\/tuavaluo.com\/avaluo\/wp-json\/wp\/v2\/media?parent=70396"}],"wp:term":[{"taxonomy":"category","embeddable":true,"href":"https:\/\/tuavaluo.com\/avaluo\/wp-json\/wp\/v2\/categories?post=70396"},{"taxonomy":"post_tag","embeddable":true,"href":"https:\/\/tuavaluo.com\/avaluo\/wp-json\/wp\/v2\/tags?post=70396"}],"curies":[{"name":"wp","href":"https:\/\/api.w.org\/{rel}","templated":true}]}}