{"id":70737,"date":"2024-02-06T11:26:49","date_gmt":"2024-02-06T11:26:49","guid":{"rendered":"https:\/\/tuavaluo.com\/avaluo\/2024\/02\/06\/cellnex-es-distinguida-por-cdp-en-su-compromiso-contra-el-cambio-climatico\/"},"modified":"2024-02-06T11:26:49","modified_gmt":"2024-02-06T11:26:49","slug":"cellnex-es-distinguida-por-cdp-en-su-compromiso-contra-el-cambio-climatico","status":"publish","type":"post","link":"https:\/\/tuavaluo.com\/avaluo\/2024\/02\/06\/cellnex-es-distinguida-por-cdp-en-su-compromiso-contra-el-cambio-climatico\/","title":{"rendered":"Cellnex es distinguida por CDP en su compromiso contra el cambio clim\u00e1tico"},"content":{"rendered":"<p>En concreto, el operador independiente de infraestructuras de telecomunicaciones ha destacado por \u201cla divulgaci\u00f3n de <strong>oportunidades<\/strong> y <strong>riesgos<\/strong>, la <strong>estrategia empresarial<\/strong>, la <strong>planificaci\u00f3n financiera<\/strong> y el <strong>an\u00e1lisis de escenarios<\/strong>, as\u00ed como por el establecimiento de <strong>objetivos ambiciosos y significativos<\/strong>\u201d. Estos datos han sido aportados por la compa\u00f1\u00eda a trav\u00e9s del cuestionario de CDP de cambio clim\u00e1tico para 2023.<\/p>\n<p>\u00c0ngels Ucero, directora de Sostenibilidad de Cellnex y directora de la Fundaci\u00f3n Cellnex, ha indicado que \u201cestamos satisfechos y orgullosos de haber revalidado por quinto a\u00f1o consecutivo nuestra posici\u00f3n en un \u00edndice con tanto prestigio internacional como CDP. Dentro de la estrategia de sostenibilidad de Cellnex, la <strong>protecci\u00f3n del medio ambiente<\/strong> y la <strong>lucha contra el cambio clim\u00e1tico<\/strong> son dos de los<strong> pilares fundamentales<\/strong> que la sustentan\u00bb.<\/p>\n<p>\u00abObtener un puesto en la \u201cLista A\u201d pone de relieve el <strong>esfuerzo que la compa\u00f1\u00eda<\/strong> est\u00e1 realizando en el desarrollo e implementaci\u00f3n efectiva de buenas pr\u00e1cticas en materia medioambiental, as\u00ed como su control y gobernanza internas. La lucha contra el cambio clim\u00e1tico es un <strong>compromiso<\/strong> que todas las empresas, tanto las privadas como las p\u00fablicas, debemos asumir como propio para garantizar un planeta sostenible y el futuro de las pr\u00f3ximas generaciones\u201d, ha a\u00f1adido.<\/p>\n<p>Sherry Madera, CEO de CDP, ha dado \u201cla enhorabuena a todas las compa\u00f1\u00edas que han logrado un puesto en la \u201cLista A\u201d del \u00edndice de CDP, y tambi\u00e9n a aquellas que han empezado o han acelerado sus caminos hacia la <strong>transparencia medioambiental en 2023<\/strong>. Durante el a\u00f1o pasado hemos visto un aumento del<strong> 24% en las divulgaciones<\/strong>, y este dato es digno de aplauso\u00bb.<\/p>\n<p>&#013;<br \/>\nSource: Bolsamania.com<\/p>\n","protected":false},"excerpt":{"rendered":"<p>En concreto, el operador independiente de infraestructuras de telecomunicaciones ha destacado por \u201cla divulgaci\u00f3n de oportunidades y riesgos, la estrategia&#8230;<\/p>\n","protected":false},"author":1,"featured_media":0,"comment_status":"open","ping_status":"closed","sticky":false,"template":"","format":"standard","meta":[],"categories":[104],"tags":[99],"_links":{"self":[{"href":"https:\/\/tuavaluo.com\/avaluo\/wp-json\/wp\/v2\/posts\/70737"}],"collection":[{"href":"https:\/\/tuavaluo.com\/avaluo\/wp-json\/wp\/v2\/posts"}],"about":[{"href":"https:\/\/tuavaluo.com\/avaluo\/wp-json\/wp\/v2\/types\/post"}],"author":[{"embeddable":true,"href":"https:\/\/tuavaluo.com\/avaluo\/wp-json\/wp\/v2\/users\/1"}],"replies":[{"embeddable":true,"href":"https:\/\/tuavaluo.com\/avaluo\/wp-json\/wp\/v2\/comments?post=70737"}],"version-history":[{"count":0,"href":"https:\/\/tuavaluo.com\/avaluo\/wp-json\/wp\/v2\/posts\/70737\/revisions"}],"wp:attachment":[{"href":"https:\/\/tuavaluo.com\/avaluo\/wp-json\/wp\/v2\/media?parent=70737"}],"wp:term":[{"taxonomy":"category","embeddable":true,"href":"https:\/\/tuavaluo.com\/avaluo\/wp-json\/wp\/v2\/categories?post=70737"},{"taxonomy":"post_tag","embeddable":true,"href":"https:\/\/tuavaluo.com\/avaluo\/wp-json\/wp\/v2\/tags?post=70737"}],"curies":[{"name":"wp","href":"https:\/\/api.w.org\/{rel}","templated":true}]}}