{"id":71174,"date":"2024-02-15T05:00:00","date_gmt":"2024-02-15T05:00:00","guid":{"rendered":"https:\/\/tuavaluo.com\/avaluo\/2024\/02\/15\/como-posicionan-sus-carteras-los-gestores-de-activos-tras-el-inicio-de-ano\/"},"modified":"2024-02-15T05:00:00","modified_gmt":"2024-02-15T05:00:00","slug":"como-posicionan-sus-carteras-los-gestores-de-activos-tras-el-inicio-de-ano","status":"publish","type":"post","link":"https:\/\/tuavaluo.com\/avaluo\/2024\/02\/15\/como-posicionan-sus-carteras-los-gestores-de-activos-tras-el-inicio-de-ano\/","title":{"rendered":"\u00bfC\u00f3mo posicionan sus carteras los gestores de activos tras el inicio de a\u00f1o?"},"content":{"rendered":"<p>Desde <strong>Ibercaja Gesti\u00f3n<\/strong>, afirman que \u00ab<strong>no cambiamos nuestro posicionamiento para el a\u00f1o<\/strong>: aprovechar las oportunidades para<strong> alargar la duraci\u00f3n de las carteras de renta fija<\/strong>; <strong>esperar en renta variable con un perfil defensivo a que se produzca alguna correcci\u00f3n<\/strong>; y, finalmente,<strong> utilizar los productos perfilados<\/strong> para una parte de la cartera para poder acceder a una gesti\u00f3n profesionalizada que aproveche los cambios de humor del mercado, y que tenga acceso a distintas clases de activos y geograf\u00edas\u00bb.<\/p>\n<p>Seg\u00fan su valoraci\u00f3n, \u00ablos datos macro acompa\u00f1an la evoluci\u00f3n de los mercados con un escenario de aterrizaje suave, pero la <strong>lectura de los inversores se nos hace demasiado positiva<\/strong>: lo bueno es bueno y lo malo es bueno; es decir, si los datos macro son m\u00e1s d\u00e9biles son buenos para la inflaci\u00f3n; y si son m\u00e1s fuertes, son mejores para los beneficios. <strong>Demasiada complacencia<\/strong>\u00ab, advierten.<\/p>\n<h3>EDMOND DE ROTHSCHILD AM APUESTA POR EUROPA<\/h3>\n<p>Por su parte, <strong>Benjamin Melman<\/strong>, director global de Inversiones (CIO) en Edmond de Rothschild AM, afirma que \u00ab<strong>seguimos sobreponderando la renta fija<\/strong> y <strong>somos neutrales en los mercados de renta variable<\/strong>, pero <strong>hemos reforzado la renta fija y la renta variable europeas<\/strong> en detrimento de otros activos y por las siguientes razones\u00bb.<\/p>\n<p>En su opini\u00f3n, \u00ab<strong>no s\u00f3lo los inversores son demasiado pesimistas con respecto a Europa<\/strong>, sino que la renta variable europea saldr\u00eda ganando si se produjera una recuperaci\u00f3n global sorprendente y, en segundo lugar, la <strong>resistencia de la econom\u00eda estadounidense puede plantear un problema a la Reserva Federal<\/strong> sobre cu\u00e1ndo y cu\u00e1nto recortar los tipos, pero <strong>el BCE tiene libertad para actuar<\/strong>, ya que la econom\u00eda europea se ha estabilizado en el fondo\u00bb.<\/p>\n<h3>RESULTADOS D\u00c9BILES EN EUROPA PARA DNCA<\/h3>\n<p>Por el contrario, <strong>Thomas Planell<\/strong>, Portfolio Manager y Analista de <strong>DNCA (Natixis Investment Managers)<\/strong>, advierte que \u00ablos <strong>resultados empresariales confirman el debilitamiento de la zona Euro<\/strong>. Es la peor cosecha desde 2009, pero prevalece el optimismo\u201d.<\/p>\n<p>Y a\u00f1ade que \u00abla actividad empresarial es pobre, con un descenso de las ventas del 3%. De 10 sectores, 6 registraron un crecimiento nulo o negativo de las ventas: los sectores vinculados a las materias primas son los m\u00e1s afectados y las <strong>empresas de consumo discrecional resisten mejor, encabezadas por LVMH<\/strong>\u201d.<\/p>\n<p>Para este gestor, \u00ablos<strong> mercados siguen centrados en el repunte de los beneficios previsto para 2024<\/strong>. Los mercados estadounidenses han empezado el a\u00f1o por delante de Europa: la recesi\u00f3n de los beneficios a finales de 2023 es mucho menos acusada. Las <strong>megacapitales tecnol\u00f3gicas<\/strong>, que representan el 45% de la rentabilidad del \u00edndice, son un baluarte contra el pesimismo\u201d.<\/p>\n<p>Aunque indica que \u00ablos<strong> mercados confiesan su fe en la bajada de tipos<\/strong> pero, mientras ellos sue\u00f1an con nuevas cotas, la <strong>prima de riesgo del S&amp;P 500 sigue comprimi\u00e9ndose hasta m\u00ednimos de 23 a\u00f1os<\/strong>\u201d.<\/p>\n<h3>ESPERANDO UNA CORRECCI\u00d3N<\/h3>\n<p>Por \u00faltimo, <strong>Philipp E. B\u00e4rtschi<\/strong>, <strong>director de Inversiones (CIO) de J. Safra Sarasin Sustainable AM<\/strong>, comenta que \u00abtras los buenos resultados de finales de a\u00f1o, en enero redujimos algo nuestra posici\u00f3n en renta fija y ahora estamos ligeramente infraponderados\u00bb.<\/p>\n<p>Tambi\u00e9n explica que \u00abaprovecharemos el modesto aumento de la asignaci\u00f3n de efectivo en enero para<strong> aumentar la asignaci\u00f3n a renta variable<\/strong> hasta una ligera sobreponderaci\u00f3n durante los d\u00edas de negociaci\u00f3n d\u00e9bil en febrero\u00bb. Porque \u00abuna ligera sobreponderaci\u00f3n refleja el equilibrio de oportunidades y riesgos en los <a href=\"https:\/\/www.bolsamania.com\/fundsnews\/noticias\/value-investing\/cinco-claves-capital-group-invertir-2024-no-desviarse-objetivos--16140272.html\" rel=\"noopener noreferrer\" target=\"_blank\" rel=\"nofollow\" ><strong>mercados<\/strong><\/a> de renta variable para este a\u00f1o\u00bb.<\/p>\n<p>B\u00e4rtschi puntualiza que, \u00ab<strong>en caso de retrocesos importantes, estar\u00edamos dispuestos a aumentar gradualmente nuestra ponderaci\u00f3n en renta variable<\/strong>\u00ab.<\/p>\n<p>En cuanto a la<strong> renta fija<\/strong>, se\u00f1ala que \u00ab<strong>actualmente preferimos la deuda p\u00fablica de alta calidad y vencimiento medio<\/strong>. Seguimos infraponderados en bonos de high yield y de mercados emergentes. En renta variable, vemos el mayor potencial en los pa\u00edses desarrollados y prestamos atenci\u00f3n a la calidad de las empresas\u00bb.<\/p>\n<p>Por \u00faltimo, afirma que \u00aben<strong> inversiones alternativas<\/strong>, hemos aumentado nuestra posici\u00f3n en bonos de cat\u00e1strofes. Este segmento sigue ofreciendo beneficios atractivos y ayuda a diversificar las carteras\u00bb.<\/p>\n<p>&#013;<br \/>\nSource: Bolsamania.com<\/p>\n","protected":false},"excerpt":{"rendered":"<p>Desde Ibercaja Gesti\u00f3n, afirman que \u00abno cambiamos nuestro posicionamiento para el a\u00f1o: aprovechar las oportunidades para alargar la duraci\u00f3n de&#8230;<\/p>\n","protected":false},"author":1,"featured_media":0,"comment_status":"open","ping_status":"closed","sticky":false,"template":"","format":"standard","meta":[],"categories":[104],"tags":[99],"_links":{"self":[{"href":"https:\/\/tuavaluo.com\/avaluo\/wp-json\/wp\/v2\/posts\/71174"}],"collection":[{"href":"https:\/\/tuavaluo.com\/avaluo\/wp-json\/wp\/v2\/posts"}],"about":[{"href":"https:\/\/tuavaluo.com\/avaluo\/wp-json\/wp\/v2\/types\/post"}],"author":[{"embeddable":true,"href":"https:\/\/tuavaluo.com\/avaluo\/wp-json\/wp\/v2\/users\/1"}],"replies":[{"embeddable":true,"href":"https:\/\/tuavaluo.com\/avaluo\/wp-json\/wp\/v2\/comments?post=71174"}],"version-history":[{"count":0,"href":"https:\/\/tuavaluo.com\/avaluo\/wp-json\/wp\/v2\/posts\/71174\/revisions"}],"wp:attachment":[{"href":"https:\/\/tuavaluo.com\/avaluo\/wp-json\/wp\/v2\/media?parent=71174"}],"wp:term":[{"taxonomy":"category","embeddable":true,"href":"https:\/\/tuavaluo.com\/avaluo\/wp-json\/wp\/v2\/categories?post=71174"},{"taxonomy":"post_tag","embeddable":true,"href":"https:\/\/tuavaluo.com\/avaluo\/wp-json\/wp\/v2\/tags?post=71174"}],"curies":[{"name":"wp","href":"https:\/\/api.w.org\/{rel}","templated":true}]}}