{"id":71271,"date":"2024-02-16T12:11:01","date_gmt":"2024-02-16T12:11:01","guid":{"rendered":"https:\/\/tuavaluo.com\/avaluo\/2024\/02\/16\/alexei-navalni-el-principal-opositor-a-putin-muere-en-prision-tras-desvanecerse\/"},"modified":"2024-02-16T12:11:01","modified_gmt":"2024-02-16T12:11:01","slug":"alexei-navalni-el-principal-opositor-a-putin-muere-en-prision-tras-desvanecerse","status":"publish","type":"post","link":"https:\/\/tuavaluo.com\/avaluo\/2024\/02\/16\/alexei-navalni-el-principal-opositor-a-putin-muere-en-prision-tras-desvanecerse\/","title":{"rendered":"Alexei Navalni, el principal opositor a Putin, muere en prisi\u00f3n tras desvanecerse"},"content":{"rendered":"<p>Seg\u00fan la agencia estatal de noticias Tass, Navalny <strong>se habr\u00eda \u00absentido indispuesto\u00bb tras un paseo el viernes<\/strong>. Fuentes penitenciarias revelan que el opositor <strong>\u00abperdi\u00f3 el conocimiento casi de inmediato\u00bb y que un equipo m\u00e9dico de urgencias intent\u00f3 reanimarlo sin \u00e9xito<\/strong>.<\/p>\n<p>\u00abEl personal m\u00e9dico lleg\u00f3 inmediatamente y se llam\u00f3 a un equipo de ambulancias. Se llevaron a cabo medidas de reanimaci\u00f3n que no dieron resultados positivos. Los param\u00e9dicos confirmaron la muerte del preso. Se est\u00e1n estableciendo las causas de la muerte\u00bb, ha indicado el servicio penitenciario en un comunicado.<\/p>\n<p>El Kremlin declar\u00f3 que el presidente <strong>Vladimir Putin<\/strong> hab\u00eda sido informado de la muerte de Navalny. Dmitry Peskov, portavoz de Putin, declar\u00f3 al peri\u00f3dico ruso &#8216;Kommersant&#8217; que el mandatario hab\u00eda sido informado de la muerte del opositor, de la cual recibi\u00f3 la noticia \u00abdesde Mosc\u00fa\u00bb, al tiempo que afirm\u00f3 que desconoc\u00eda la causa del fallecimiento.<\/p>\n<p>Navalni fue <strong>recolocado en diciembre a la colonia penal IK-3 de Kharp<\/strong>, a unos 1.900 kil\u00f3metros al noreste de Mosc\u00fa y a unos 100 de Vorkuta, cuyas minas de carb\u00f3n formaron parte del sistema sovi\u00e9tico de campos gulag. La colonia de \u00abr\u00e9gimen especial\u00bb o \u00abLobo Polar\u00bb es <strong>una de las m\u00e1s duras del sistema penitenciario ruso, situada en un lugar con inviernos particularmente fr\u00edos<\/strong>, y en la que mayormente cumplen condena <strong>criminales considerados como peligrosos<\/strong>.<\/p>\n<p>Navalni lleva encarcelado desde enero de 2021, cuando regres\u00f3 a Mosc\u00fa tras recuperarse en Alemania de un envenenamiento con un agente nervioso del que culp\u00f3 al Kremlin. Antes de ser detenido, lider\u00f3 campa\u00f1as masivas contra la corrupci\u00f3n y organiz\u00f3 grandes protestas contra el Kremlin. Encarcelado por cargos de extremismo, vio ampliada su condena a 19 a\u00f1os en 2023.<\/p>\n<p>&#013;<br \/>\nSource: Bolsamania.com<\/p>\n","protected":false},"excerpt":{"rendered":"<p>Seg\u00fan la agencia estatal de noticias Tass, Navalny se habr\u00eda \u00absentido indispuesto\u00bb tras un paseo el viernes. Fuentes penitenciarias revelan&#8230;<\/p>\n","protected":false},"author":1,"featured_media":0,"comment_status":"open","ping_status":"closed","sticky":false,"template":"","format":"standard","meta":[],"categories":[104],"tags":[99],"_links":{"self":[{"href":"https:\/\/tuavaluo.com\/avaluo\/wp-json\/wp\/v2\/posts\/71271"}],"collection":[{"href":"https:\/\/tuavaluo.com\/avaluo\/wp-json\/wp\/v2\/posts"}],"about":[{"href":"https:\/\/tuavaluo.com\/avaluo\/wp-json\/wp\/v2\/types\/post"}],"author":[{"embeddable":true,"href":"https:\/\/tuavaluo.com\/avaluo\/wp-json\/wp\/v2\/users\/1"}],"replies":[{"embeddable":true,"href":"https:\/\/tuavaluo.com\/avaluo\/wp-json\/wp\/v2\/comments?post=71271"}],"version-history":[{"count":0,"href":"https:\/\/tuavaluo.com\/avaluo\/wp-json\/wp\/v2\/posts\/71271\/revisions"}],"wp:attachment":[{"href":"https:\/\/tuavaluo.com\/avaluo\/wp-json\/wp\/v2\/media?parent=71271"}],"wp:term":[{"taxonomy":"category","embeddable":true,"href":"https:\/\/tuavaluo.com\/avaluo\/wp-json\/wp\/v2\/categories?post=71271"},{"taxonomy":"post_tag","embeddable":true,"href":"https:\/\/tuavaluo.com\/avaluo\/wp-json\/wp\/v2\/tags?post=71271"}],"curies":[{"name":"wp","href":"https:\/\/api.w.org\/{rel}","templated":true}]}}