{"id":71350,"date":"2024-02-19T12:23:14","date_gmt":"2024-02-19T12:23:14","guid":{"rendered":"https:\/\/tuavaluo.com\/avaluo\/2024\/02\/19\/el-bundesbank-cree-que-alemania-entrara-en-recesion-tecnica-en-el-primer-trimestre\/"},"modified":"2024-02-19T12:23:14","modified_gmt":"2024-02-19T12:23:14","slug":"el-bundesbank-cree-que-alemania-entrara-en-recesion-tecnica-en-el-primer-trimestre","status":"publish","type":"post","link":"https:\/\/tuavaluo.com\/avaluo\/2024\/02\/19\/el-bundesbank-cree-que-alemania-entrara-en-recesion-tecnica-en-el-primer-trimestre\/","title":{"rendered":"El Bundesbank cree que Alemania entrar\u00e1 en recesi\u00f3n t\u00e9cnica en el primer trimestre"},"content":{"rendered":"<div class=\"read-more-links\">\n<h5>Noticia relacionada<\/h5>\n<p><a class=\"readMore\" href=\"https:\/\/www.bolsamania.com\/noticias\/economia\/pib-alemania-contrajo-03-2023-entorno-plagado-crisis--15848030.html\" rel=\"noopener noreferrer\" target=\"_blank\" data-id=\"15848030\" rel=\"nofollow\" ><\/p>\n<figure><img class=\"lazy\" title=\"Leer m\u00e1s\" data-original=\"https:\/\/img2.s3wfg.com\/web\/img\/images_uploaded\/e\/9\/les-gens-marchent-dans-une-rue-commercante-photo-prise-le-17-janvier-2015-a-konstanz-en-l-allemagne_rsz.jpg\" data-src=\"https:\/\/img2.s3wfg.com\/web\/img\/images_uploaded\/e\/9\/les-gens-marchent-dans-une-rue-commercante-photo-prise-le-17-janvier-2015-a-konstanz-en-l-allemagne_rsz.jpg\" \/><\/figure>\n<p>La econom\u00eda de Alemania se contrajo un 0,3% en 2023 \u00aben un entorno plagado de crisis\u00bb <\/a><\/div>\n<p>\u00abEs probable que algunos factores de estr\u00e9s sigan vigentes a principios de 2024 y la producci\u00f3n econ\u00f3mica podr\u00eda volver a disminuir ligeramente en el primer trimestre. De este modo <strong>continuar\u00eda la fase de debilidad<\/strong> de la econom\u00eda alemana que se ha prolongado desde el comienzo de la guerra de agresi\u00f3n rusa contra Ucrania\u00bb.<\/p>\n<p>As\u00ed lo se\u00f1ala el banco central alem\u00e1n en su bolet\u00edn mensual de febrero, que destaca que, \u00abcon la segunda ca\u00edda consecutiva de la producci\u00f3n econ\u00f3mica, <strong>Alemania estar\u00eda en una recesi\u00f3n t\u00e9cnica<\/strong>\u00ab.<\/p>\n<p>No obstante, los expertos del Bundesbank matizan que \u00abtodav\u00eda no se puede identificar ni se espera una recesi\u00f3n en el sentido de una<strong> disminuci\u00f3n significativa, amplia y duradera<\/strong> de la producci\u00f3n econ\u00f3mica\u00bb, puesto que es probable que el gasto de los hogares continuar\u00e1 mejorando en el contexto de una situaci\u00f3n estable, la solidez del mercado laboral, el fuerte crecimiento de los salarios y una tasa de inflaci\u00f3n en ca\u00edda.<\/p>\n<p>En cuanto al <strong>mercado laboral<\/strong>, consideran que sigue siendo bastante s\u00f3lido, ya que, hasta ahora, la prolongada debilidad s\u00f3lo ha tenido un impacto leve y \u00ab<strong>no hay se\u00f1ales de un inminente deterioro notable<\/strong> en el mercado laboral debido a la debilidad de la econom\u00eda\u00bb.<\/p>\n<p>Respecto a la <strong>inflaci\u00f3n<\/strong>, esperan que siga cayendo en los pr\u00f3ximos meses. Sin embargo, \u00abdebido a los diferentes efectos de base para la energ\u00eda y el transporte p\u00fablico local, podr\u00edan producirse <strong>grandes fluctuaciones<\/strong> en la tarifa del a\u00f1o anterior\u00bb.<\/p>\n<p>Adem\u00e1s, la presi\u00f3n sobre los precios de los alimentos y otros bienes probablemente seguir\u00e1 disminuyendo en los pr\u00f3ximos meses, aunque \u00abes probable que <strong>disminuya m\u00e1s lentamente en los servicios<\/strong>, tambi\u00e9n debido al fuerte y continuo crecimiento de los salarios\u00bb, se\u00f1alan.<\/p>\n<p>&#013;<br \/>\nSource: Bolsamania.com<\/p>\n","protected":false},"excerpt":{"rendered":"<p>Noticia relacionada La econom\u00eda de Alemania se contrajo un 0,3% en 2023 \u00aben un entorno plagado de crisis\u00bb \u00abEs probable&#8230;<\/p>\n","protected":false},"author":1,"featured_media":71351,"comment_status":"open","ping_status":"closed","sticky":false,"template":"","format":"standard","meta":[],"categories":[104],"tags":[99],"_links":{"self":[{"href":"https:\/\/tuavaluo.com\/avaluo\/wp-json\/wp\/v2\/posts\/71350"}],"collection":[{"href":"https:\/\/tuavaluo.com\/avaluo\/wp-json\/wp\/v2\/posts"}],"about":[{"href":"https:\/\/tuavaluo.com\/avaluo\/wp-json\/wp\/v2\/types\/post"}],"author":[{"embeddable":true,"href":"https:\/\/tuavaluo.com\/avaluo\/wp-json\/wp\/v2\/users\/1"}],"replies":[{"embeddable":true,"href":"https:\/\/tuavaluo.com\/avaluo\/wp-json\/wp\/v2\/comments?post=71350"}],"version-history":[{"count":0,"href":"https:\/\/tuavaluo.com\/avaluo\/wp-json\/wp\/v2\/posts\/71350\/revisions"}],"wp:featuredmedia":[{"embeddable":true,"href":"https:\/\/tuavaluo.com\/avaluo\/wp-json\/wp\/v2\/media\/71351"}],"wp:attachment":[{"href":"https:\/\/tuavaluo.com\/avaluo\/wp-json\/wp\/v2\/media?parent=71350"}],"wp:term":[{"taxonomy":"category","embeddable":true,"href":"https:\/\/tuavaluo.com\/avaluo\/wp-json\/wp\/v2\/categories?post=71350"},{"taxonomy":"post_tag","embeddable":true,"href":"https:\/\/tuavaluo.com\/avaluo\/wp-json\/wp\/v2\/tags?post=71350"}],"curies":[{"name":"wp","href":"https:\/\/api.w.org\/{rel}","templated":true}]}}