{"id":71358,"date":"2024-02-19T13:09:53","date_gmt":"2024-02-19T13:09:53","guid":{"rendered":"https:\/\/tuavaluo.com\/avaluo\/2024\/02\/19\/cementos-molins-incorpora-a-javier-sueiras-y-rocco-lisi-para-potenciar-su-digitalizacion\/"},"modified":"2024-02-19T13:09:53","modified_gmt":"2024-02-19T13:09:53","slug":"cementos-molins-incorpora-a-javier-sueiras-y-rocco-lisi-para-potenciar-su-digitalizacion","status":"publish","type":"post","link":"https:\/\/tuavaluo.com\/avaluo\/2024\/02\/19\/cementos-molins-incorpora-a-javier-sueiras-y-rocco-lisi-para-potenciar-su-digitalizacion\/","title":{"rendered":"Cementos Molins incorpora a Javier Sueiras y Rocco Lisi para potenciar su digitalizaci\u00f3n"},"content":{"rendered":"<p>Javier Sueiras cuenta con formaci\u00f3n como<strong> ingeniero industrial<\/strong> por la Universidad Polit\u00e9cnica de Catalu\u00f1a y estudios de posgrado en gesti\u00f3n y liderazgo empresarial en IESE, ESADE y Georgetown. Adem\u00e1s, ha desarrollado su carrera profesional en el sector<strong> life-science<\/strong> a nivel nacional e internacional<\/p>\n<p>\u201cEstoy encantado de incorporarme al equipo de Cementos Molins. Estoy convencido de que mi <strong>experiencia<\/strong> en proyectos de fuerte componente tecnol\u00f3gico en los \u00e1mbitos de la tecnolog\u00eda,<strong> transformaci\u00f3n digital e innovaci\u00f3n<\/strong> contribuir\u00e1 a que Cementos Molins afronte los nuevos retos del \u00e1rea de IT y consolide los pilares estrat\u00e9gicos de <strong>digitalizaci\u00f3n<\/strong> y crecimiento de la compa\u00f1\u00eda\u201d, ha se\u00f1alado.<\/p>\n<p><strong>Rocco Lisi<\/strong> se ha incorporado a Cementos Molins como <strong>responsable del \u00e1rea digita<\/strong>l, trabajando directamente bajo la <strong>direcci\u00f3n<\/strong> del CIO. Ingeniero de telecomunicaciones por la Universidad de N\u00e1poles Federico II, con estudios de posgrado en digitalizaci\u00f3n. Cuenta con experiencia en <strong>consultor\u00eda<\/strong>, liderando proyectos de tecnolog\u00eda y transformaci\u00f3n digital en diversos sectores y pa\u00edses.<\/p>\n<p>El<strong> plan de digitalizaci\u00f3n<\/strong> de la compa\u00f1\u00eda est\u00e1 distribuido en en <strong>seis \u00e1reas clave<\/strong>: Customer Experience, Industria 4.0, Data y Analytics, Employee Experience, Digital Enterprise, e Infraestructuras. Entre los proyectos <strong>m\u00e1s destacados<\/strong> se encuentra la creaci\u00f3n de un<strong> centro de excelencia en inteligencia artificial<\/strong> aplicada a la industria<\/p>\n<\/p>\n<p>&#013;<br \/>\nSource: Bolsamania.com<\/p>\n","protected":false},"excerpt":{"rendered":"<p>Javier Sueiras cuenta con formaci\u00f3n como ingeniero industrial por la Universidad Polit\u00e9cnica de Catalu\u00f1a y estudios de posgrado en gesti\u00f3n&#8230;<\/p>\n","protected":false},"author":1,"featured_media":0,"comment_status":"open","ping_status":"closed","sticky":false,"template":"","format":"standard","meta":[],"categories":[104],"tags":[99],"_links":{"self":[{"href":"https:\/\/tuavaluo.com\/avaluo\/wp-json\/wp\/v2\/posts\/71358"}],"collection":[{"href":"https:\/\/tuavaluo.com\/avaluo\/wp-json\/wp\/v2\/posts"}],"about":[{"href":"https:\/\/tuavaluo.com\/avaluo\/wp-json\/wp\/v2\/types\/post"}],"author":[{"embeddable":true,"href":"https:\/\/tuavaluo.com\/avaluo\/wp-json\/wp\/v2\/users\/1"}],"replies":[{"embeddable":true,"href":"https:\/\/tuavaluo.com\/avaluo\/wp-json\/wp\/v2\/comments?post=71358"}],"version-history":[{"count":0,"href":"https:\/\/tuavaluo.com\/avaluo\/wp-json\/wp\/v2\/posts\/71358\/revisions"}],"wp:attachment":[{"href":"https:\/\/tuavaluo.com\/avaluo\/wp-json\/wp\/v2\/media?parent=71358"}],"wp:term":[{"taxonomy":"category","embeddable":true,"href":"https:\/\/tuavaluo.com\/avaluo\/wp-json\/wp\/v2\/categories?post=71358"},{"taxonomy":"post_tag","embeddable":true,"href":"https:\/\/tuavaluo.com\/avaluo\/wp-json\/wp\/v2\/tags?post=71358"}],"curies":[{"name":"wp","href":"https:\/\/api.w.org\/{rel}","templated":true}]}}