{"id":73550,"date":"2024-04-09T04:00:00","date_gmt":"2024-04-09T04:00:00","guid":{"rendered":"https:\/\/tuavaluo.com\/avaluo\/2024\/04\/09\/cristina-gavin-ibercaja-gestion-la-ansiada-primera-bajada-de-tipos-del-bce-sera-en-junio\/"},"modified":"2024-04-09T04:00:00","modified_gmt":"2024-04-09T04:00:00","slug":"cristina-gavin-ibercaja-gestion-la-ansiada-primera-bajada-de-tipos-del-bce-sera-en-junio","status":"publish","type":"post","link":"https:\/\/tuavaluo.com\/avaluo\/2024\/04\/09\/cristina-gavin-ibercaja-gestion-la-ansiada-primera-bajada-de-tipos-del-bce-sera-en-junio\/","title":{"rendered":"Cristina Gav\u00edn (Ibercaja Gesti\u00f3n): &quot;La ansiada primera bajada de tipos del BCE ser\u00e1 en junio&quot;"},"content":{"rendered":"<p>Es la visi\u00f3n de mercado de <strong>Cristina Gav\u00edn<\/strong>, jefa de Renta Fija y gestora de fondos de <strong>Ibercaja Gesti\u00f3n<\/strong>. \u00abPocas sorpresas esperadas de cara a la reuni\u00f3n del BCE de este pr\u00f3ximo jueves, la cual es considerada como una <strong>reuni\u00f3n de transici\u00f3n<\/strong> antes de la que tendr\u00e1 lugar en junio, y donde<strong> todo el mercado anticipa que veremos el primer recorte de tipo<\/strong>s por parte del BCE desde 2016&#8243;, argumenta esta experta.<\/p>\n<p>\u00abLa <a href=\"https:\/\/www.bolsamania.com\/noticias\/economia\/actas-bce-ratifican-habra-muchos-mas-datos-recortar-tipos-junio--16549313.html\" rel=\"noopener noreferrer\" target=\"_blank\" rel=\"nofollow\" ><strong>publicaci\u00f3n de las actas<\/strong><\/a> de la anterior reuni\u00f3n que conoc\u00edamos la semana pasada vienen a confirmar estas expectativas\u00bb, a\u00f1ade.<\/p>\n<p>En su opini\u00f3n, \u00ablos<strong><a href=\"https:\/\/www.bolsamania.com\/noticias\/economia\/inflacion-eurozona-cae-24-marzo-nivel-mas-bajo-noviembre--16541020.html\" rel=\"noopener noreferrer\" target=\"_blank\" rel=\"nofollow\" > datos de inflaci\u00f3n de marzo<\/a><\/strong> dan argumentos al BCE para iniciar ese proceso de bajadas. Tanto la inflaci\u00f3n general como la subyacente se han moderado en dos d\u00e9cimas, hasta situarse en el 2,4% y 2,9% interanual respectivamente\u00bb, valora Gav\u00edn.<\/p>\n<p>\u00abA pesar de ello\u00bb, concluye, \u201cla <strong>inflaci\u00f3n de servicios contin\u00faa tensionada<\/strong> y eso puede marcar la trayectoria del BCE de cara a los pr\u00f3ximos meses. En este escenario, <strong>anticipamos dos bajadas m\u00e1s de 25 puntos b\u00e1sicos<\/strong>, que situar\u00e1n el tipo de intervenci\u00f3n para finales de a\u00f1o en el 3,75%, y la facilidad de dep\u00f3sito en el 3,25%\u201d.<\/p>\n<h3>LAS PREVISIONES DE OTROS EXPERTOS<\/h3>\n<p>Desde<strong> Renta 4 Banco<\/strong>, afirman que \u201cno descartamos movimientos de tipos y creemos que <strong>Lagarde reiterar\u00e1 su intenci\u00f3n de llevar a cabo una primera bajada de tipos el 6 de junio<\/strong> (probabilidad del 90%), cuando tendr\u00e1n m\u00e1s datos sobre la evoluci\u00f3n de la inflaci\u00f3n\u201d. En este sentido, recuerdan que \u201cel <strong>dato de salarios del primer trimestre de 2024<\/strong>\u201d en la zona euro se publicar\u00e1 el <strong>23 de mayo<\/strong>.<\/p>\n<p>Por su parte, <strong>Ronald Temple<\/strong>, estratega jefe de mercados de <strong>Lazard AM<\/strong>, considera poco probable que la reuni\u00f3n del BCE de este pr\u00f3ximo jueves \u201c<strong>depare fuegos artificiales<\/strong>\u201d, pero afirma que los inversores <strong>buscar\u00e1n se\u00f1ales<\/strong> que confirmen las expectativas de una reducci\u00f3n de tipos en la reuni\u00f3n de junio.<\/p>\n<p>Hay que tener en cuenta que la<strong> inflaci\u00f3n en la zona euro<\/strong> continu\u00f3 desaceler\u00e1ndose m\u00e1s r\u00e1pido de lo esperado en marzo, seg\u00fan se conoci\u00f3 la semana pasada, lo que hace <strong>m\u00e1s probable un recorte inicial de tipos<\/strong> por parte del BCE en <strong>junio<\/strong>.<\/p>\n<p>Los mercados indican que hay un 9% de probabilidades de que se reduzcan los tipos en esta reuni\u00f3n, frente a un <strong>96% en la de junio<\/strong>. \u201cLas discusiones sobre los datos entrantes relativos a los acuerdos de<strong> crecimiento salarial en la zona euro<\/strong> ser\u00e1n especialmente importantes para las decisiones del BCE durante el resto del a\u00f1o\u201d, afirma Templel.<\/p>\n<p>Desde <strong>Oxford Economics<\/strong>, esperan que \u201cel BCE muestre una <strong>tentativa de preparaci\u00f3n para comenzar el ciclo de flexibilizaci\u00f3n en la pr\u00f3xima reuni\u00f3n de junio<\/strong>, pero a\u00f1aden que \u201clos riesgos al alza que persisten para la inflaci\u00f3n impedir\u00e1n un compromiso firme con un ciclo de flexibilizaci\u00f3n r\u00e1pido y sostenido a partir de entonces\u201d.<\/p>\n<p>En este sentido, apuntan que \u201cuna pregunta m\u00e1s interesante se refiere al <strong>n\u00famero de recortes este a\u00f1o<\/strong>. Mantenemos nuestra expectativa de una flexibilizaci\u00f3n de<strong> 125 puntos b\u00e1sicos<\/strong>, dada nuestra previsi\u00f3n de inflaci\u00f3n inferior al consenso. Pero como a\u00fan persisten varios riesgos inflacionarios, creemos que <strong>los riesgos se inclinan hacia menos recortes<\/strong>\u201d.<\/p>\n<p>Desde <strong>Goldman Sachs<\/strong>, indican que \u201ces probable que la reuni\u00f3n del BCE no aporte grandes novedades. Esperamos que el Consejo de Gobierno deje su lenguaje pol\u00edtico clave pr\u00e1cticamente sin cambios, <strong>sin comprometerse previamente formalmente a un recorte en junio<\/strong>\u201d.<\/p>\n<p>\u201cEn cambio\u201d, a\u00f1aden que \u201ces probable que la presidenta <strong>Lagarde<\/strong> reitere que el Consejo de Gobierno tendr\u00e1<strong> \u2018muchos datos\u2019 en junio para decidir si baja las tasas oficiales<\/strong>\u201d. Adem\u00e1s, esperan \u201c<strong>poco color adicional sobre el probable ritmo de recortes de tipos<\/strong>, con \u00e9nfasis en la dependencia de los datos\u201d<\/p>\n<p>&#013;<br \/>\nSource: Bolsamania.com<\/p>\n","protected":false},"excerpt":{"rendered":"<p>Es la visi\u00f3n de mercado de Cristina Gav\u00edn, jefa de Renta Fija y gestora de fondos de Ibercaja Gesti\u00f3n. \u00abPocas&#8230;<\/p>\n","protected":false},"author":1,"featured_media":0,"comment_status":"open","ping_status":"closed","sticky":false,"template":"","format":"standard","meta":[],"categories":[104],"tags":[99],"_links":{"self":[{"href":"https:\/\/tuavaluo.com\/avaluo\/wp-json\/wp\/v2\/posts\/73550"}],"collection":[{"href":"https:\/\/tuavaluo.com\/avaluo\/wp-json\/wp\/v2\/posts"}],"about":[{"href":"https:\/\/tuavaluo.com\/avaluo\/wp-json\/wp\/v2\/types\/post"}],"author":[{"embeddable":true,"href":"https:\/\/tuavaluo.com\/avaluo\/wp-json\/wp\/v2\/users\/1"}],"replies":[{"embeddable":true,"href":"https:\/\/tuavaluo.com\/avaluo\/wp-json\/wp\/v2\/comments?post=73550"}],"version-history":[{"count":0,"href":"https:\/\/tuavaluo.com\/avaluo\/wp-json\/wp\/v2\/posts\/73550\/revisions"}],"wp:attachment":[{"href":"https:\/\/tuavaluo.com\/avaluo\/wp-json\/wp\/v2\/media?parent=73550"}],"wp:term":[{"taxonomy":"category","embeddable":true,"href":"https:\/\/tuavaluo.com\/avaluo\/wp-json\/wp\/v2\/categories?post=73550"},{"taxonomy":"post_tag","embeddable":true,"href":"https:\/\/tuavaluo.com\/avaluo\/wp-json\/wp\/v2\/tags?post=73550"}],"curies":[{"name":"wp","href":"https:\/\/api.w.org\/{rel}","templated":true}]}}