{"id":73953,"date":"2024-04-16T18:00:06","date_gmt":"2024-04-16T18:00:06","guid":{"rendered":"https:\/\/tuavaluo.com\/avaluo\/2024\/04\/16\/powell-fed-pide-mas-tiempo-del-esperado-para-tener-confianza-y-recortar-tipos\/"},"modified":"2024-04-16T18:00:06","modified_gmt":"2024-04-16T18:00:06","slug":"powell-fed-pide-mas-tiempo-del-esperado-para-tener-confianza-y-recortar-tipos","status":"publish","type":"post","link":"https:\/\/tuavaluo.com\/avaluo\/2024\/04\/16\/powell-fed-pide-mas-tiempo-del-esperado-para-tener-confianza-y-recortar-tipos\/","title":{"rendered":"Powell (Fed) pide &quot;m\u00e1s tiempo del esperado&quot; para tener &quot;confianza&quot; y recortar tipos"},"content":{"rendered":"<p>\u00abLos \u00faltimos datos claramente no nos han dado una mayor confianza, y en su lugar indican que <strong>es probable que sea necesario m\u00e1s tiempo del esperado para conseguir esa confianza<\/strong>\u00ab, ha asegurado durante su intervenci\u00f3n en el Foro de Washington sobre la econom\u00eda canadiense.<\/p>\n<p>Los datos a los que se refiere Powell son, principalmente, los del IPC, que en la lectura de marzo mostr\u00f3 un<strong> repunte superior al esperado, hasta el 3,5% en tasa interanual frente al 3,2% registrado en febrero<\/strong>, mientras que la tasa subyacente se mantuvo sin cambios en el 3,8%.<\/p>\n<p>En este sentido, Powell ha subrayado la<strong> \u00abfalta de progreso\u00bb en el frente de la inflaci\u00f3n<\/strong>, lo que ha llevado al mercado a recalibrar sus expectativas sobre el inicio de los recortes de tipos, mientras el resto de datos siguen se\u00f1alando la fortaleza de la econom\u00eda estadounidense.<\/p>\n<p>\u00abLos datos m\u00e1s recientes muestran un crecimiento s\u00f3lido y una fortaleza continua en el mercado laboral, pero tambi\u00e9n una<strong> falta de mayores avances en lo que va del a\u00f1o para volver a nuestra meta de inflaci\u00f3n del 2%<\/strong>\u00ab, ha destacado.<\/p>\n<p>Las palabras del presidente de la Fed no parecen acercar las posibilidades de recortes de tipos en el corto plazo, ya que seg\u00fan su criterio \u00ab<strong>la pol\u00edtica est\u00e1 bien posicionada para manejar los riesgos\u00bb a los que se enfrenta el banco central<\/strong>.<\/p>\n<p>&#013;<br \/>\nSource: Bolsamania.com<\/p>\n","protected":false},"excerpt":{"rendered":"<p>\u00abLos \u00faltimos datos claramente no nos han dado una mayor confianza, y en su lugar indican que es probable que&#8230;<\/p>\n","protected":false},"author":1,"featured_media":0,"comment_status":"open","ping_status":"closed","sticky":false,"template":"","format":"standard","meta":[],"categories":[104],"tags":[99],"_links":{"self":[{"href":"https:\/\/tuavaluo.com\/avaluo\/wp-json\/wp\/v2\/posts\/73953"}],"collection":[{"href":"https:\/\/tuavaluo.com\/avaluo\/wp-json\/wp\/v2\/posts"}],"about":[{"href":"https:\/\/tuavaluo.com\/avaluo\/wp-json\/wp\/v2\/types\/post"}],"author":[{"embeddable":true,"href":"https:\/\/tuavaluo.com\/avaluo\/wp-json\/wp\/v2\/users\/1"}],"replies":[{"embeddable":true,"href":"https:\/\/tuavaluo.com\/avaluo\/wp-json\/wp\/v2\/comments?post=73953"}],"version-history":[{"count":0,"href":"https:\/\/tuavaluo.com\/avaluo\/wp-json\/wp\/v2\/posts\/73953\/revisions"}],"wp:attachment":[{"href":"https:\/\/tuavaluo.com\/avaluo\/wp-json\/wp\/v2\/media?parent=73953"}],"wp:term":[{"taxonomy":"category","embeddable":true,"href":"https:\/\/tuavaluo.com\/avaluo\/wp-json\/wp\/v2\/categories?post=73953"},{"taxonomy":"post_tag","embeddable":true,"href":"https:\/\/tuavaluo.com\/avaluo\/wp-json\/wp\/v2\/tags?post=73953"}],"curies":[{"name":"wp","href":"https:\/\/api.w.org\/{rel}","templated":true}]}}