{"id":74046,"date":"2024-04-18T08:16:19","date_gmt":"2024-04-18T08:16:19","guid":{"rendered":"https:\/\/tuavaluo.com\/avaluo\/2024\/04\/18\/gloria-ortiz-bankinter-no-contemplamos-un-programa-de-recompra-de-acciones\/"},"modified":"2024-04-18T08:16:19","modified_gmt":"2024-04-18T08:16:19","slug":"gloria-ortiz-bankinter-no-contemplamos-un-programa-de-recompra-de-acciones","status":"publish","type":"post","link":"https:\/\/tuavaluo.com\/avaluo\/2024\/04\/18\/gloria-ortiz-bankinter-no-contemplamos-un-programa-de-recompra-de-acciones\/","title":{"rendered":"Gloria Ortiz (Bankinter): &quot;No contemplamos un programa de recompra de acciones&quot;"},"content":{"rendered":"<p>\u00abLos resultados del primer trimestre nos permiten ser optimistas. Hay <strong>riesgos al alza para el margen neto de intereses<\/strong>\u00ab, ha a\u00f1adido. \u00abHemos tenido tiempo para preparar nuestro balance a un entorno de menores tipos de inter\u00e9s\u00bb, ha precisado Ortiz.<\/p>\n<p>Cuestionada sobre la posibilidad de iniciar un <strong>programa de recompra de acciones<\/strong>, como han hecho el resto de bancos espa\u00f1oles cotizados, ha se\u00f1alado que \u00ab<strong>no lo contemplamos en este momento<\/strong>, porque nuestra pol\u00edtica sigue siendo <strong>reinvertir nuestro exceso de capital para impulsar nuestro crecimiento org\u00e1nico<\/strong>\u00ab.<\/p>\n<p>As\u00ed, ha se\u00f1alado que el objetivo de Bankinter es mantener un <strong>ratio de capital CET 1 del 12,5%<\/strong>. \u00abTenemos muy buenas previsiones de crecimiento y buenos proyectos, y somos muy optimistas\u00bb, ha concluido sobre este asunto.<\/p>\n<p>En relaci\u00f3n a su previsi\u00f3n de recortes de tipos por parte del <strong>Banco Central Europeo (BCE)<\/strong>, ha explicado que \u00ab<strong>esperamos un primer recorte de tipos en junio o julio<\/strong>, y tal vez uno o dos m\u00e1s recortes hasta final de a\u00f1o\u00bb.<\/p>\n<p>En este sentido, ha comentado que \u00ab<strong>somos m\u00e1s positivos sobre la evoluci\u00f3n de concesi\u00f3n de hipotecas<\/strong> en el segundo semestre\u00bb.<\/p>\n<p>Por su parte, el director financiero del banco, <strong>Jacobo D\u00edaz<\/strong>, ha se\u00f1alado que \u00ab<strong>tenemos margen para reducir el coste de los dep\u00f3sitos<\/strong>\u00bb y ha indicado que \u00abesperamos un coste del riesgo estable a lo largo del a\u00f1o\u00bb.<\/p>\n<p>&#013;<br \/>\nSource: Bolsamania.com<\/p>\n","protected":false},"excerpt":{"rendered":"<p>\u00abLos resultados del primer trimestre nos permiten ser optimistas. Hay riesgos al alza para el margen neto de intereses\u00ab, ha&#8230;<\/p>\n","protected":false},"author":1,"featured_media":0,"comment_status":"open","ping_status":"closed","sticky":false,"template":"","format":"standard","meta":[],"categories":[104],"tags":[99],"_links":{"self":[{"href":"https:\/\/tuavaluo.com\/avaluo\/wp-json\/wp\/v2\/posts\/74046"}],"collection":[{"href":"https:\/\/tuavaluo.com\/avaluo\/wp-json\/wp\/v2\/posts"}],"about":[{"href":"https:\/\/tuavaluo.com\/avaluo\/wp-json\/wp\/v2\/types\/post"}],"author":[{"embeddable":true,"href":"https:\/\/tuavaluo.com\/avaluo\/wp-json\/wp\/v2\/users\/1"}],"replies":[{"embeddable":true,"href":"https:\/\/tuavaluo.com\/avaluo\/wp-json\/wp\/v2\/comments?post=74046"}],"version-history":[{"count":0,"href":"https:\/\/tuavaluo.com\/avaluo\/wp-json\/wp\/v2\/posts\/74046\/revisions"}],"wp:attachment":[{"href":"https:\/\/tuavaluo.com\/avaluo\/wp-json\/wp\/v2\/media?parent=74046"}],"wp:term":[{"taxonomy":"category","embeddable":true,"href":"https:\/\/tuavaluo.com\/avaluo\/wp-json\/wp\/v2\/categories?post=74046"},{"taxonomy":"post_tag","embeddable":true,"href":"https:\/\/tuavaluo.com\/avaluo\/wp-json\/wp\/v2\/tags?post=74046"}],"curies":[{"name":"wp","href":"https:\/\/api.w.org\/{rel}","templated":true}]}}