{"id":74617,"date":"2024-04-30T10:26:30","date_gmt":"2024-04-30T10:26:30","guid":{"rendered":"https:\/\/tuavaluo.com\/avaluo\/2024\/04\/30\/el-gobierno-aprueba-recuperar-los-periodos-de-practicas-o-investigacion-como-cotizados\/"},"modified":"2024-04-30T10:26:30","modified_gmt":"2024-04-30T10:26:30","slug":"el-gobierno-aprueba-recuperar-los-periodos-de-practicas-o-investigacion-como-cotizados","status":"publish","type":"post","link":"https:\/\/tuavaluo.com\/avaluo\/2024\/04\/30\/el-gobierno-aprueba-recuperar-los-periodos-de-practicas-o-investigacion-como-cotizados\/","title":{"rendered":"El Gobierno aprueba recuperar los periodos de pr\u00e1cticas o investigaci\u00f3n como cotizados"},"content":{"rendered":"<p>Quienes hayan participado en esos programas podr\u00e1n <strong>suscribir un convenio especial<\/strong>, por una \u00fanica vez, con la Tesorer\u00eda General de la Seguridad Social (TGSS), que les permitir\u00e1 el c\u00f3mputo de esos periodos de cotizaci\u00f3n hasta un m\u00e1ximo de cinco a\u00f1os.<\/p>\n<p>La ministra de Inclusi\u00f3n, Seguridad Social y Migraciones, Elma Saiz, destaca: \u201cHoy es un d\u00eda important\u00edsimo. Esta medida <strong>representa la mejor definici\u00f3n del Gobierno de justicia social<\/strong>\u201d. Y a\u00f1ade: \u201cAmpliamos los derechos de los m\u00e1s j\u00f3venes, de personas que se est\u00e1n incorporando ahora al mercado laboral, pero tambi\u00e9n reparamos los desequilibrios y abrimos la ventana a aquellos que no tuvieron esa opci\u00f3n en el pasado\u201d.<\/p>\n<p>La medida <strong>beneficia a antiguos alumnos universitarios<\/strong>; <strong>antiguos alumnos de formaci\u00f3n profesional<\/strong> (salvo cuando las pr\u00e1cticas se hubieran prestado en el r\u00e9gimen de formaci\u00f3n profesional intensiva), as\u00ed como <strong>antiguos alumnos de ense\u00f1anzas art\u00edsticas superiores, ense\u00f1anzas art\u00edsticas profesionales y ense\u00f1anzas deportivas del sistema educativo<\/strong>.<\/p>\n<p>Tambi\u00e9n a <strong>aquellos graduados universitarios<\/strong> que, a trav\u00e9s de estudios oficiales de doctorado, <strong>hubieran participado antes del 4\/02\/2006 (fecha de entrada en vigor el Estatuto de Personal Investigador en Formaci\u00f3n) en programas de formaci\u00f3n de naturaleza investigadora<\/strong>, tanto en Espa\u00f1a como en el extranjero.<\/p>\n<p>\u201cEl Gobierno ha escuchado un clamor de muchos colectivos cuyo trabajo ha sido motor de progreso para nuestra sociedad durante a\u00f1os. Debemos, como sociedad, sentirnos orgullosos de que lo p\u00fablico sea sin\u00f3nimo de garant\u00eda y confianza. Por eso, ha llegado el momento de facilitar a miles de personas una v\u00eda para recuperar este derecho\u201d, ha expresado la ministra.<\/p>\n<h3><strong>REQUISITOS<\/strong><\/h3>\n<p>Entre los requisitos para suscribir el convenio est\u00e1n que <strong>las pr\u00e1cticas no remuneradas deber\u00e1n haberse producido con anterioridad al 1 de enero de 2024<\/strong> y, <strong>en el caso de las pr\u00e1cticas remuneradas<\/strong>, su realizaci\u00f3n deber\u00e1 haberse producido con <strong>anterioridad al 1 de noviembre de 2011<\/strong>. Para acogerse a este convenio especial los interesados deber\u00e1n acreditar el periodo de duraci\u00f3n de los programas de formaci\u00f3n en los que hubieran participado<\/p>\n<p>Estos antiguos alumnos ser\u00e1n <strong>asimilados a trabajadores por cuenta ajena<\/strong> a efectos de su inclusi\u00f3n en el R\u00e9gimen General de la Seguridad Social. As\u00ed, la cotizaci\u00f3n por los per\u00edodos de pr\u00e1cticas reconocidos en este convenio especial tendr\u00e1 por objeto la cobertura de las prestaciones de jubilaci\u00f3n y de incapacidad permanente y muerte y supervivencia derivadas de contingencias comunes.<\/p>\n<p>La base de cotizaci\u00f3n por el convenio especial <strong>estar\u00e1 constituida por la base m\u00ednima de cotizaci\u00f3n por contingencias comunes <\/strong>correspondiente al grupo 7 de cotizaci\u00f3n del R\u00e9gimen General de la Seguridad Social vigente en el a\u00f1o 2024, a la que se aplicar\u00e1 un coeficiente reductor del 0,77 por 100.<\/p>\n<p>Una vez calculado por la TGSS el importe total de la cotizaci\u00f3n a ingresar por este convenio especial, <strong>su abono se podr\u00e1 realizar mediante un pago \u00fanico o mediante un pago fraccionado<\/strong> en un n\u00famero m\u00e1ximo de mensualidades igual al de aquellas por las que se formalice el convenio.<\/p>\n<p>Dicha orden entrar\u00e1 en vigor el d\u00eda primero del mes siguiente al de su publicaci\u00f3n en el Bolet\u00edn Oficial del Estado.<\/p>\n<p>Desde el 1 de enero de 2024, los alumnos que realicen pr\u00e1cticas formativas, remuneradas o no,<strong> est\u00e1n incluidos en el sistema de la Seguridad Social<\/strong>. Desde ese momento, casi 570.000 estudiantes han permanecido en situaci\u00f3n de alta al menos un d\u00eda, seg\u00fan los datos de la Tesorer\u00eda General de la Seguridad Social.<\/p>\n<p>\u201cAhora es labor de todos y todas mentalizar a los j\u00f3venes de que formar parte de este sistema y <strong>generar futuros derechos con un inicio m\u00e1s temprano de su carrera de cotizaci\u00f3n solo tiene ventajas<\/strong>. El sistema les necesita tanto como ellos le necesitan a \u00e9l. Es mi compromiso trabajar sin descanso para acercar la Seguridad Social a este colectivo y hacer que se sientan parte inequ\u00edvoca de uno de nuestros pilares del Estado del Bienestar\u201d, ha concluido Saiz.<\/p>\n<p>&#013;<br \/>\nSource: Bolsamania.com<\/p>\n","protected":false},"excerpt":{"rendered":"<p>Quienes hayan participado en esos programas podr\u00e1n suscribir un convenio especial, por una \u00fanica vez, con la Tesorer\u00eda General de&#8230;<\/p>\n","protected":false},"author":1,"featured_media":0,"comment_status":"open","ping_status":"closed","sticky":false,"template":"","format":"standard","meta":[],"categories":[104],"tags":[99],"_links":{"self":[{"href":"https:\/\/tuavaluo.com\/avaluo\/wp-json\/wp\/v2\/posts\/74617"}],"collection":[{"href":"https:\/\/tuavaluo.com\/avaluo\/wp-json\/wp\/v2\/posts"}],"about":[{"href":"https:\/\/tuavaluo.com\/avaluo\/wp-json\/wp\/v2\/types\/post"}],"author":[{"embeddable":true,"href":"https:\/\/tuavaluo.com\/avaluo\/wp-json\/wp\/v2\/users\/1"}],"replies":[{"embeddable":true,"href":"https:\/\/tuavaluo.com\/avaluo\/wp-json\/wp\/v2\/comments?post=74617"}],"version-history":[{"count":0,"href":"https:\/\/tuavaluo.com\/avaluo\/wp-json\/wp\/v2\/posts\/74617\/revisions"}],"wp:attachment":[{"href":"https:\/\/tuavaluo.com\/avaluo\/wp-json\/wp\/v2\/media?parent=74617"}],"wp:term":[{"taxonomy":"category","embeddable":true,"href":"https:\/\/tuavaluo.com\/avaluo\/wp-json\/wp\/v2\/categories?post=74617"},{"taxonomy":"post_tag","embeddable":true,"href":"https:\/\/tuavaluo.com\/avaluo\/wp-json\/wp\/v2\/tags?post=74617"}],"curies":[{"name":"wp","href":"https:\/\/api.w.org\/{rel}","templated":true}]}}