{"id":74621,"date":"2024-04-30T11:17:52","date_gmt":"2024-04-30T11:17:52","guid":{"rendered":"https:\/\/tuavaluo.com\/avaluo\/2024\/04\/30\/ilunion-formaliza-el-acuerdo-por-el-que-adquiere-el-80-de-recicab\/"},"modified":"2024-04-30T11:17:52","modified_gmt":"2024-04-30T11:17:52","slug":"ilunion-formaliza-el-acuerdo-por-el-que-adquiere-el-80-de-recicab","status":"publish","type":"post","link":"https:\/\/tuavaluo.com\/avaluo\/2024\/04\/30\/ilunion-formaliza-el-acuerdo-por-el-que-adquiere-el-80-de-recicab\/","title":{"rendered":"Ilunion formaliza el acuerdo por el que adquiere el 80% de Recicab"},"content":{"rendered":"<p>En la estrategia de Ilunion,seg\u00fan informa la compa\u00f1\u00eda, \u00abla incorporaci\u00f3n de Recicab <strong>permite a la divisi\u00f3n de econom\u00eda circular ampliar el porfolio de soluciones medioambientales<\/strong>, facilitando una gesti\u00f3n integral y responsable de los residuos a sus clientes\u00bb.<\/p>\n<p>Para el director corporativo de Estrategia e Innovaci\u00f3n de Ilunion, Alejandro Fern\u00e1ndez, \u201cla incorporaci\u00f3n del grupo Recicab a la compa\u00f1\u00eda<strong> refuerza nuestro compromiso con la econom\u00eda circular<\/strong> y supone <strong>ampliar nuestro alcance del trabajo<\/strong> que realizamos por la inclusi\u00f3n laboral de las personas con discapacidad y otros colectivos vulnerables\u201d, dijo.<\/p>\n<p>\u201cEsta operaci\u00f3n supone<strong> una apuesta por el crecimiento<\/strong> de la mano de un grupo empresarial totalmente comprometido con la sostenibilidad social y medioambiental como es Ilunion\u201d, ha se\u00f1alado el gerente de Recicab, Antonio Recioy.<\/p>\n<p>Ilunion ha realizado a lo largo de 2023 diversas inversiones para adecuar las plantas de tratamiento de Residuos de Aparatos El\u00e9ctricos y Electr\u00f3nicos RAEE al volumen y tipolog\u00eda de residuo que se espera recibir en los pr\u00f3ximos a\u00f1os, como la nueva l\u00ednea de tratamiento de equipos de fr\u00edo de Campo Real o la renovaci\u00f3n de parte del sistema de trituraci\u00f3n de la planta de La Ba\u00f1eza.<\/p>\n<p>El a\u00f1o pasado <strong>recuper\u00f3 m\u00e1s de 12.300 toneladas de materiales procedentes de Residuos de Aparatos El\u00e9ctricos y Electr\u00f3nicos (RAEE)<\/strong> en las plantas que la compa\u00f1\u00eda tiene en La Ba\u00f1eza (Le\u00f3n) y Campo Real (Madrid).<\/p>\n<p>&#013;<br \/>\nSource: Bolsamania.com<\/p>\n","protected":false},"excerpt":{"rendered":"<p>En la estrategia de Ilunion,seg\u00fan informa la compa\u00f1\u00eda, \u00abla incorporaci\u00f3n de Recicab permite a la divisi\u00f3n de econom\u00eda circular ampliar&#8230;<\/p>\n","protected":false},"author":1,"featured_media":0,"comment_status":"open","ping_status":"closed","sticky":false,"template":"","format":"standard","meta":[],"categories":[104],"tags":[99],"_links":{"self":[{"href":"https:\/\/tuavaluo.com\/avaluo\/wp-json\/wp\/v2\/posts\/74621"}],"collection":[{"href":"https:\/\/tuavaluo.com\/avaluo\/wp-json\/wp\/v2\/posts"}],"about":[{"href":"https:\/\/tuavaluo.com\/avaluo\/wp-json\/wp\/v2\/types\/post"}],"author":[{"embeddable":true,"href":"https:\/\/tuavaluo.com\/avaluo\/wp-json\/wp\/v2\/users\/1"}],"replies":[{"embeddable":true,"href":"https:\/\/tuavaluo.com\/avaluo\/wp-json\/wp\/v2\/comments?post=74621"}],"version-history":[{"count":0,"href":"https:\/\/tuavaluo.com\/avaluo\/wp-json\/wp\/v2\/posts\/74621\/revisions"}],"wp:attachment":[{"href":"https:\/\/tuavaluo.com\/avaluo\/wp-json\/wp\/v2\/media?parent=74621"}],"wp:term":[{"taxonomy":"category","embeddable":true,"href":"https:\/\/tuavaluo.com\/avaluo\/wp-json\/wp\/v2\/categories?post=74621"},{"taxonomy":"post_tag","embeddable":true,"href":"https:\/\/tuavaluo.com\/avaluo\/wp-json\/wp\/v2\/tags?post=74621"}],"curies":[{"name":"wp","href":"https:\/\/api.w.org\/{rel}","templated":true}]}}