{"id":74698,"date":"2024-05-02T10:05:05","date_gmt":"2024-05-02T10:05:05","guid":{"rendered":"https:\/\/tuavaluo.com\/avaluo\/2024\/05\/02\/ibercaja-mejora-sus-previsiones-de-pib-al-22-en-2024-y-al-17-en-2025\/"},"modified":"2024-05-02T10:05:05","modified_gmt":"2024-05-02T10:05:05","slug":"ibercaja-mejora-sus-previsiones-de-pib-al-22-en-2024-y-al-17-en-2025","status":"publish","type":"post","link":"https:\/\/tuavaluo.com\/avaluo\/2024\/05\/02\/ibercaja-mejora-sus-previsiones-de-pib-al-22-en-2024-y-al-17-en-2025\/","title":{"rendered":"Ibercaja mejora sus previsiones de PIB al 2,2% en 2024 y al 1,7% en 2025"},"content":{"rendered":"<p>En el mercado laboral, las predicciones del banco para 2024 en t\u00e9rminos de ocupaci\u00f3n revelan <strong>un estancamiento en Espa\u00f1a con una variaci\u00f3n de la tasa de ocupaci\u00f3n del 2,1%<\/strong> (frente al 3% del a\u00f1o 2023), y <strong>una tasa de paro del 11,4% (siete d\u00e9cimas inferior a la del a\u00f1o pasado).<\/strong><\/p>\n<p>A pesar de la ligera revisi\u00f3n al alza de las perspectivas econ\u00f3micas, la visi\u00f3n a medio y largo plazo de los analistas de Ibercaja <strong>no ha sufrido grandes modificaciones<\/strong>, seg\u00fan indica el banco. \u201c<strong>Creemos que el crecimiento econ\u00f3mico se desacelerar\u00e1 a lo largo del ciclo por el efecto del triple desaf\u00edo<\/strong> al que nos enfrentamos: demogr\u00e1fico, geopol\u00edtico y de inflaci\u00f3n y tipos de inter\u00e9s\u201d, afirma Santiago Mart\u00ednez Morando, jefe de An\u00e1lisis Econ\u00f3mico y Financiero de la entidad.<\/p>\n<p>Desde la perspectiva demogr\u00e1fica, el <strong>envejecimiento de la poblaci\u00f3n deriva en un menor potencial de crecimiento de la ocupaci\u00f3n y en posibles tensiones en los salarios<\/strong> que afectar\u00e1n a los m\u00e1rgenes empresariales. Por otra parte, la evoluci\u00f3n demogr\u00e1fica tambi\u00e9n influye en las din\u00e1micas de consumo, inversi\u00f3n y ahorro, tanto en Espa\u00f1a como desde una perspectiva mundial.<\/p>\n<p>Adem\u00e1s, seg\u00fan afirman los analistas de la entidad, el proceso globalizador de los ciclos anteriores parece haber llegado a su fin, y la integraci\u00f3n econ\u00f3mica mundial, sobre todo entre los pa\u00edses avanzados y los emergentes, se est\u00e1 incluso revirtiendo. \u00abEl <strong>incremento de las tensiones geopol\u00edticas<\/strong> y de la gravedad de los posibles conflictos internacionales es <strong>uno de los mayores factores de riesgo<\/strong> para nuestras previsiones\u201d, destacan.<\/p>\n<p>En este sentido, aseguran que las alteraciones en la cadena de suministro afectan de forma dr\u00e1stica a los precios e incluso a la capacidad productiva, y alertan de que <strong>una escalada b\u00e9lica de grandes dimensiones traer\u00eda consecuencias disruptivas incluso mayores que la pandemia.<\/strong><\/p>\n<p>Estas tendencias, encaminan la coyuntura econ\u00f3mica a un crecimiento de los precios y a <strong>unos tipos de inter\u00e9s estructuralmente superiores a los que hubo entre la gran recesi\u00f3n y la pandemia<\/strong>. Esto tambi\u00e9n conlleva un menor crecimiento, aunque hay que se\u00f1alar que los tipos de inter\u00e9s negativos reprim\u00edan el ahorro y fomentaban una excesiva asunci\u00f3n de riesgos que pod\u00eda derivar en una nueva crisis financiera.<\/p>\n<p>Ante este triple desaf\u00edo, los expertos de Ibercaja consideran que <strong>la mejor respuesta ser\u00eda fomentar un aumento de la productividad<\/strong>. \u201cSin embargo -afirman- en Espa\u00f1a la inversi\u00f3n se ha quedado atr\u00e1s y se sit\u00faa por debajo de los niveles de 2019 a pesar de la movilizaci\u00f3n de los fondos europeos. Y a esto hay que a\u00f1adir la escasez relativa de capital humano y el tecnol\u00f3gico.<\/p>\n<p>Tambi\u00e9n apuntan a otros factores que dificultan la convergencia de la productividad, en particular con Estados Unidos, que ha dejado atr\u00e1s a Europa en los \u00faltimos ciclos, como<strong> el reducido tama\u00f1o empresarial<\/strong>, que limita la obtenci\u00f3n de econom\u00edas de escala y la implantaci\u00f3n de nuevas tecnolog\u00edas; la menor competencia empresarial, la falta de iniciativa y emprendimiento, el exceso de burocracia, <strong>la calidad de la gobernanza<\/strong> o la dependencia energ\u00e9tica.<\/p>\n<p>Los analistas concluyen que<strong> si los esfuerzos inversores se intensifican, con el apoyo de las reformas institucionales necesarias<\/strong> para que mejore la productividad, el escenario econ\u00f3mico a medio y largo plazo ser\u00eda m\u00e1s positivo que el contemplado con las condiciones actuales.<\/p>\n<p>&#013;<br \/>\nSource: Bolsamania.com<\/p>\n","protected":false},"excerpt":{"rendered":"<p>En el mercado laboral, las predicciones del banco para 2024 en t\u00e9rminos de ocupaci\u00f3n revelan un estancamiento en Espa\u00f1a con&#8230;<\/p>\n","protected":false},"author":1,"featured_media":0,"comment_status":"open","ping_status":"closed","sticky":false,"template":"","format":"standard","meta":[],"categories":[104],"tags":[99],"_links":{"self":[{"href":"https:\/\/tuavaluo.com\/avaluo\/wp-json\/wp\/v2\/posts\/74698"}],"collection":[{"href":"https:\/\/tuavaluo.com\/avaluo\/wp-json\/wp\/v2\/posts"}],"about":[{"href":"https:\/\/tuavaluo.com\/avaluo\/wp-json\/wp\/v2\/types\/post"}],"author":[{"embeddable":true,"href":"https:\/\/tuavaluo.com\/avaluo\/wp-json\/wp\/v2\/users\/1"}],"replies":[{"embeddable":true,"href":"https:\/\/tuavaluo.com\/avaluo\/wp-json\/wp\/v2\/comments?post=74698"}],"version-history":[{"count":0,"href":"https:\/\/tuavaluo.com\/avaluo\/wp-json\/wp\/v2\/posts\/74698\/revisions"}],"wp:attachment":[{"href":"https:\/\/tuavaluo.com\/avaluo\/wp-json\/wp\/v2\/media?parent=74698"}],"wp:term":[{"taxonomy":"category","embeddable":true,"href":"https:\/\/tuavaluo.com\/avaluo\/wp-json\/wp\/v2\/categories?post=74698"},{"taxonomy":"post_tag","embeddable":true,"href":"https:\/\/tuavaluo.com\/avaluo\/wp-json\/wp\/v2\/tags?post=74698"}],"curies":[{"name":"wp","href":"https:\/\/api.w.org\/{rel}","templated":true}]}}