{"id":75220,"date":"2024-05-15T17:12:59","date_gmt":"2024-05-15T17:12:59","guid":{"rendered":"https:\/\/tuavaluo.com\/avaluo\/2024\/05\/15\/joe-biden-y-donald-trump-acuerdan-celebrar-dos-debates-el-primero-sera-el-27-de-junio\/"},"modified":"2024-05-15T17:12:59","modified_gmt":"2024-05-15T17:12:59","slug":"joe-biden-y-donald-trump-acuerdan-celebrar-dos-debates-el-primero-sera-el-27-de-junio","status":"publish","type":"post","link":"https:\/\/tuavaluo.com\/avaluo\/2024\/05\/15\/joe-biden-y-donald-trump-acuerdan-celebrar-dos-debates-el-primero-sera-el-27-de-junio\/","title":{"rendered":"Joe Biden y Donald Trump acuerdan celebrar dos debates: el primero ser\u00e1 el 27 de junio"},"content":{"rendered":"<p>\u00abHe recibido y aceptado una invitaci\u00f3n de CNN para un debate el 27 de junio. <strong>A tu disposici\u00f3n, Donald<\/strong>. Como dijiste: en cualquier lugar, a cualquier hora\u00bb, ha publicado Biden en la red social X, antes Twitter.<\/p>\n<p>Poco despu\u00e9s, el equipo de campa\u00f1a de Trump tambi\u00e9n confirmaba la presencia del magnate en el evento, un &#8216;enfrentamiento&#8217; televisado que se celebrar\u00e1 antes de que las <strong>convenciones de ambos partidos<\/strong> nombren oficialmente a su candidato presidencial y a su vicepresidente.<\/p>\n<p>El <strong>segundo debate<\/strong> tendr\u00e1 lugar el <strong>10 de septiembre en la cadena ABC<\/strong> y responde a la insistencia de Trump para que se realice antes del inicio del voto anticipado.<\/p>\n<p>Biden tambi\u00e9n lo ha confirmado este mi\u00e9rcoles a trav\u00e9s de su cuenta en X: \u00abHe recibido y aceptado una <strong>invitaci\u00f3n a un debate organizado por ABC el martes 10 de septiembre<\/strong>\u00ab.<\/p>\n<p>Con esta decisi\u00f3n, se disipan las dudas generadas en torno a si Biden y Trump iban a debatir sus propuestas en televisi\u00f3n y llegan en medio de los distintos procesos judiciales a los que tiene que hacer el l\u00edder republicano antes de las<strong> elecciones presidenciales del 5 de noviembre<\/strong>.<\/p>\n<p>&#013;<br \/>\nSource: Bolsamania.com<\/p>\n","protected":false},"excerpt":{"rendered":"<p>\u00abHe recibido y aceptado una invitaci\u00f3n de CNN para un debate el 27 de junio. A tu disposici\u00f3n, Donald. Como&#8230;<\/p>\n","protected":false},"author":1,"featured_media":0,"comment_status":"open","ping_status":"closed","sticky":false,"template":"","format":"standard","meta":[],"categories":[104],"tags":[99],"_links":{"self":[{"href":"https:\/\/tuavaluo.com\/avaluo\/wp-json\/wp\/v2\/posts\/75220"}],"collection":[{"href":"https:\/\/tuavaluo.com\/avaluo\/wp-json\/wp\/v2\/posts"}],"about":[{"href":"https:\/\/tuavaluo.com\/avaluo\/wp-json\/wp\/v2\/types\/post"}],"author":[{"embeddable":true,"href":"https:\/\/tuavaluo.com\/avaluo\/wp-json\/wp\/v2\/users\/1"}],"replies":[{"embeddable":true,"href":"https:\/\/tuavaluo.com\/avaluo\/wp-json\/wp\/v2\/comments?post=75220"}],"version-history":[{"count":0,"href":"https:\/\/tuavaluo.com\/avaluo\/wp-json\/wp\/v2\/posts\/75220\/revisions"}],"wp:attachment":[{"href":"https:\/\/tuavaluo.com\/avaluo\/wp-json\/wp\/v2\/media?parent=75220"}],"wp:term":[{"taxonomy":"category","embeddable":true,"href":"https:\/\/tuavaluo.com\/avaluo\/wp-json\/wp\/v2\/categories?post=75220"},{"taxonomy":"post_tag","embeddable":true,"href":"https:\/\/tuavaluo.com\/avaluo\/wp-json\/wp\/v2\/tags?post=75220"}],"curies":[{"name":"wp","href":"https:\/\/api.w.org\/{rel}","templated":true}]}}