{"id":75493,"date":"2024-05-21T15:08:30","date_gmt":"2024-05-21T15:08:30","guid":{"rendered":"https:\/\/tuavaluo.com\/avaluo\/2024\/05\/21\/iran-inicia-los-funerales-por-el-presidente-ebrahim-raisi-en-la-ciudad-de-tabriz\/"},"modified":"2024-05-21T15:08:30","modified_gmt":"2024-05-21T15:08:30","slug":"iran-inicia-los-funerales-por-el-presidente-ebrahim-raisi-en-la-ciudad-de-tabriz","status":"publish","type":"post","link":"https:\/\/tuavaluo.com\/avaluo\/2024\/05\/21\/iran-inicia-los-funerales-por-el-presidente-ebrahim-raisi-en-la-ciudad-de-tabriz\/","title":{"rendered":"Ir\u00e1n inicia los funerales por el presidente Ebrahim Raisi en la ciudad de Tabriz"},"content":{"rendered":"<p>Encabezando la comitiva se encontraba el <strong>veh\u00edculo f\u00fanebre con el cuerpo de Raisi<\/strong>, as\u00ed como los de Amirabdollahian, el gobernador de la provincia iran\u00ed de Azerbaiy\u00e1n Oriental, un alto cl\u00e9rigo de Tabriz, un funcionario de la Guardia Revolucionaria y tres miembros de la tripulaci\u00f3n de la aeronave.<\/p>\n<p>De luto riguroso, con banderas iran\u00edes y fotograf\u00edas del presidente, <strong>miles de ciudadanos ha caminado lentamente junto a los ata\u00fades<\/strong>, a los que han arrojado flores mientras un maestro de ceremonias lloraba a trav\u00e9s de un altavoz por los fallecidos.<\/p>\n<p>Al inicio de la ceremonia, el ministro de Interior, <strong>Ahmad Vahidi<\/strong>, les ha rendido un homenaje y se ha referido a ellos como <strong>\u00abm\u00e1rtires<\/strong>\u00ab. \u00abEl pueblo iran\u00ed ha demostrado que transforma cada calamidad en una escalera para elevar a la naci\u00f3n a nuevas glorias\u00bb, ha afirmado.<\/p>\n<p>Los cuerpos viajar\u00e1n a la <strong>ciudad sagrada del seminario chi\u00ed de Qom<\/strong> antes de dirigirse hacia <strong>Teher\u00e1n<\/strong> este mismo martes. El mi\u00e9rcoles, un <strong>funeral presidido por Jamenei<\/strong> se convertir\u00e1 tambi\u00e9n en una procesi\u00f3n. El jueves, la ciudad natal de Raisi, <strong>Birjand<\/strong>, ser\u00e1 testigo de una procesi\u00f3n, seguida de un funeral y entierro en el santuario del Imam Reza en la <strong>ciudad santa de Mashhad<\/strong>, el \u00fanico im\u00e1n de fe chi\u00edta enterrado en Ir\u00e1n.<\/p>\n<p>&#013;<br \/>\nSource: Bolsamania.com<\/p>\n","protected":false},"excerpt":{"rendered":"<p>Encabezando la comitiva se encontraba el veh\u00edculo f\u00fanebre con el cuerpo de Raisi, as\u00ed como los de Amirabdollahian, el gobernador&#8230;<\/p>\n","protected":false},"author":1,"featured_media":0,"comment_status":"open","ping_status":"closed","sticky":false,"template":"","format":"standard","meta":[],"categories":[104],"tags":[99],"_links":{"self":[{"href":"https:\/\/tuavaluo.com\/avaluo\/wp-json\/wp\/v2\/posts\/75493"}],"collection":[{"href":"https:\/\/tuavaluo.com\/avaluo\/wp-json\/wp\/v2\/posts"}],"about":[{"href":"https:\/\/tuavaluo.com\/avaluo\/wp-json\/wp\/v2\/types\/post"}],"author":[{"embeddable":true,"href":"https:\/\/tuavaluo.com\/avaluo\/wp-json\/wp\/v2\/users\/1"}],"replies":[{"embeddable":true,"href":"https:\/\/tuavaluo.com\/avaluo\/wp-json\/wp\/v2\/comments?post=75493"}],"version-history":[{"count":0,"href":"https:\/\/tuavaluo.com\/avaluo\/wp-json\/wp\/v2\/posts\/75493\/revisions"}],"wp:attachment":[{"href":"https:\/\/tuavaluo.com\/avaluo\/wp-json\/wp\/v2\/media?parent=75493"}],"wp:term":[{"taxonomy":"category","embeddable":true,"href":"https:\/\/tuavaluo.com\/avaluo\/wp-json\/wp\/v2\/categories?post=75493"},{"taxonomy":"post_tag","embeddable":true,"href":"https:\/\/tuavaluo.com\/avaluo\/wp-json\/wp\/v2\/tags?post=75493"}],"curies":[{"name":"wp","href":"https:\/\/api.w.org\/{rel}","templated":true}]}}