{"id":75562,"date":"2024-05-22T15:03:56","date_gmt":"2024-05-22T15:03:56","guid":{"rendered":"https:\/\/tuavaluo.com\/avaluo\/2024\/05\/22\/el-sector-fotovoltaico-pide-eliminar-las-barreras-que-lastran-el-almacenamiento-y-el-hidrogeno-verde\/"},"modified":"2024-05-22T15:03:56","modified_gmt":"2024-05-22T15:03:56","slug":"el-sector-fotovoltaico-pide-eliminar-las-barreras-que-lastran-el-almacenamiento-y-el-hidrogeno-verde","status":"publish","type":"post","link":"https:\/\/tuavaluo.com\/avaluo\/2024\/05\/22\/el-sector-fotovoltaico-pide-eliminar-las-barreras-que-lastran-el-almacenamiento-y-el-hidrogeno-verde\/","title":{"rendered":"El sector fotovoltaico pide eliminar las barreras que lastran el almacenamiento y el hidr\u00f3geno verde"},"content":{"rendered":"<p>As\u00ed se ha puesto de manifiesto durante la celebraci\u00f3n de la primera jornada de la II Cumbre de Almacenamiento e Hidr\u00f3geno Verde para la Energ\u00eda Solar, organizada por la <strong>Uni\u00f3n Espa\u00f1ola de Fotovoltaica (UNEF)<\/strong>, asociaci\u00f3n sectorial mayoritaria de la energ\u00eda solar en Espa\u00f1a.<\/p>\n<p>\u00ab<strong>El almacenamiento y el hidr\u00f3geno verde suponen uno de los binomios m\u00e1s importantes para la transici\u00f3n energ\u00e9tica<\/strong>. Estas dos piezas son complementarias y necesarias para alcanzar los objetivos de descarbonizaci\u00f3n de la econom\u00eda. Como pa\u00eds <strong>tenemos una ventaja competitiva y comparativa que tenemos que aprovechar<\/strong>\u00ab, ha subrayado, Manuel Garc\u00eda, director general de Pol\u00edtica Energ\u00e9tica y Minas del Ministerio de Transici\u00f3n Ecol\u00f3gica y Reto Demogr\u00e1fico, en la inauguraci\u00f3n del evento.<\/p>\n<p>Garc\u00eda tambi\u00e9n ha aprovechado su intervenci\u00f3n para trasladar el<strong> apoyo del Gobierno a ambas tecnolog\u00edas<\/strong> con el objetivo de \u00abculminar la transici\u00f3n energ\u00e9tica\u00bb en nuestro pa\u00eds.<\/p>\n<p>La Cumbre se enmarca en un momento clave para la consecuci\u00f3n de una transici\u00f3n energ\u00e9tica en la que la <strong>energ\u00eda solar<\/strong> est\u00e1 jugando un <strong>papel protagonista<\/strong>.<\/p>\n<p>\u00abPara maximizar todas las oportunidades que nos brinda esta transici\u00f3n energ\u00e9tica, desde UNEF somos plenamente conscientes de la necesidad de abordar de manera ambiciosa el gran reto que supone conseguir una <strong>mayor implementaci\u00f3n de los sistemas de almacenamiento e hidr\u00f3geno verde<\/strong> en los proyectos de energ\u00eda solar\u00bb, ha recalcado Rafael Benjumea, presidente de UNEF.<\/p>\n<p>Esta segunda convocatoria se realiza en un contexto de <strong>desaceleraci\u00f3n del crecimiento del autoconsumo<\/strong> y de los sistemas asociados de almacenamiento, adem\u00e1s de una <strong>situaci\u00f3n de precios de la electricidad en m\u00ednimos hist\u00f3ricos<\/strong>.<\/p>\n<p>\u00abNo cabe duda que <strong>en este contexto de precios bajos representa un elemento transformador \u00fanico para nuestra econom\u00eda<\/strong>. En esta situaci\u00f3n el almacenamiento y el hidr\u00f3geno verde juegan un papel fundamental para encontrar el balance de precio adecuado que siga garantizando la competitividad que atraiga industria y favorezca a la ciudadan\u00eda, a la vez que asegura las inversiones necesarias para culminar los objetivos contemplados en el <strong>Plan Integrado de Energ\u00eda y Clima<\/strong>\u00ab, ha recordado Benjumea.<\/p>\n<p>El encuentro ha reforzado compromiso de UNEF con la innovaci\u00f3n como bandera, para <strong>implementar sistemas de almacenamiento e hidr\u00f3geno verde m\u00e1s eficientes<\/strong> y accesibles para la ciudadan\u00eda, las empresas e industria nacional.<\/p>\n<p>\u00abEl almacenamiento asociado a la energ\u00eda solar nos permite <strong>descarbonizar el mix el\u00e9ctrico<\/strong> de las horas en las que no hay sol, por lo que no cabe duda que, en los pr\u00f3ximos a\u00f1os, las bater\u00edas y otros sistemas de almacenamiento energ\u00e9tico van a ser tan imprescindibles como los propios paneles solares, tanto en instalaciones a gran escala como en autoconsumo. <strong>El esfuerzo de descarbonizaci\u00f3n de nuestra sociedad no puede detenerse en el sistema el\u00e9ctrico, tiene que llegar m\u00e1s all\u00e1<\/strong>. Por ello, necesitamos <strong>aprovechar vectores energ\u00e9ticos como el Hidr\u00f3geno Verde<\/strong> que nos permite extender la transici\u00f3n ecol\u00f3gica a otros sectores\u00bb, ha a\u00f1adido el presidente de la patronal.<\/p>\n<p>Respecto al <strong>hidr\u00f3geno verde<\/strong>, los expertos han concluido en esta primera jornada que <strong>Espa\u00f1a cuenta con la oportunidad de posicionarse internacionalmente con un claro liderazgo energ\u00e9tico<\/strong> gracias al mayor aprovechamiento de la generaci\u00f3n fotovoltaica, la mayor de Europa, extendiendo as\u00ed la ventaja competitiva de la energ\u00eda solar a otros sectores de nuestra econom\u00eda.<\/p>\n<p>&#013;<br \/>\nSource: Bolsamania.com<\/p>\n","protected":false},"excerpt":{"rendered":"<p>As\u00ed se ha puesto de manifiesto durante la celebraci\u00f3n de la primera jornada de la II Cumbre de Almacenamiento e&#8230;<\/p>\n","protected":false},"author":1,"featured_media":0,"comment_status":"open","ping_status":"closed","sticky":false,"template":"","format":"standard","meta":[],"categories":[104],"tags":[99],"_links":{"self":[{"href":"https:\/\/tuavaluo.com\/avaluo\/wp-json\/wp\/v2\/posts\/75562"}],"collection":[{"href":"https:\/\/tuavaluo.com\/avaluo\/wp-json\/wp\/v2\/posts"}],"about":[{"href":"https:\/\/tuavaluo.com\/avaluo\/wp-json\/wp\/v2\/types\/post"}],"author":[{"embeddable":true,"href":"https:\/\/tuavaluo.com\/avaluo\/wp-json\/wp\/v2\/users\/1"}],"replies":[{"embeddable":true,"href":"https:\/\/tuavaluo.com\/avaluo\/wp-json\/wp\/v2\/comments?post=75562"}],"version-history":[{"count":0,"href":"https:\/\/tuavaluo.com\/avaluo\/wp-json\/wp\/v2\/posts\/75562\/revisions"}],"wp:attachment":[{"href":"https:\/\/tuavaluo.com\/avaluo\/wp-json\/wp\/v2\/media?parent=75562"}],"wp:term":[{"taxonomy":"category","embeddable":true,"href":"https:\/\/tuavaluo.com\/avaluo\/wp-json\/wp\/v2\/categories?post=75562"},{"taxonomy":"post_tag","embeddable":true,"href":"https:\/\/tuavaluo.com\/avaluo\/wp-json\/wp\/v2\/tags?post=75562"}],"curies":[{"name":"wp","href":"https:\/\/api.w.org\/{rel}","templated":true}]}}