{"id":75601,"date":"2024-05-23T08:22:45","date_gmt":"2024-05-23T08:22:45","guid":{"rendered":"https:\/\/tuavaluo.com\/avaluo\/2024\/05\/23\/la-recuperacion-de-la-eurozona-cobra-impetu-con-el-ritmo-de-crecimiento-mas-rapido-en-un-ano\/"},"modified":"2024-05-23T08:22:45","modified_gmt":"2024-05-23T08:22:45","slug":"la-recuperacion-de-la-eurozona-cobra-impetu-con-el-ritmo-de-crecimiento-mas-rapido-en-un-ano","status":"publish","type":"post","link":"https:\/\/tuavaluo.com\/avaluo\/2024\/05\/23\/la-recuperacion-de-la-eurozona-cobra-impetu-con-el-ritmo-de-crecimiento-mas-rapido-en-un-ano\/","title":{"rendered":"La recuperaci\u00f3n de la eurozona cobra \u00edmpetu con el ritmo de crecimiento m\u00e1s r\u00e1pido en un a\u00f1o"},"content":{"rendered":"<p>La expansi\u00f3n en general de la actividad total de nuevo fue impulsada por el sector servicios, cuya actividad comercial aument\u00f3 por cuarto mes consecutivo. El ritmo de crecimiento se mantuvo sin cambios frente al observado en abril. Mientras tanto, la producci\u00f3n manufacturera sigui\u00f3 cayendo, extendiendo la secuencia actual de declive a catorce meses. No obstante, el ritmo de contracci\u00f3n fue solo marginal y sigui\u00f3 atenu\u00e1ndose hasta su nivel m\u00e1s d\u00e9bil de este periodo de reducci\u00f3n.<\/p>\n<p>As\u00ed, el flash del \u00edndice PMI compuesto de la actividad total de la zona euro, ajustado estacionalmente, aument\u00f3 de 51,7 registrado en abril a 52,3 en mayo y se\u00f1al\u00f3 un repunte de la actividad comercial en el sector privado de la zona euro en su conjunto por tercer mes consecutivo.<\/p>\n<p>Este periodo de renovado crecimiento ha ocurrido despu\u00e9s de una secuencia de declive sostenido en la segunda mitad de 2023 y a comienzos de 2024, destacan desde Hamburg Commercial Bank.<\/p>\n<p>&#8212;ampliando&#8212;<\/p>\n<p>&#013;<br \/>\nSource: Bolsamania.com<\/p>\n","protected":false},"excerpt":{"rendered":"<p>La expansi\u00f3n en general de la actividad total de nuevo fue impulsada por el sector servicios, cuya actividad comercial aument\u00f3&#8230;<\/p>\n","protected":false},"author":1,"featured_media":0,"comment_status":"open","ping_status":"closed","sticky":false,"template":"","format":"standard","meta":[],"categories":[104],"tags":[99],"_links":{"self":[{"href":"https:\/\/tuavaluo.com\/avaluo\/wp-json\/wp\/v2\/posts\/75601"}],"collection":[{"href":"https:\/\/tuavaluo.com\/avaluo\/wp-json\/wp\/v2\/posts"}],"about":[{"href":"https:\/\/tuavaluo.com\/avaluo\/wp-json\/wp\/v2\/types\/post"}],"author":[{"embeddable":true,"href":"https:\/\/tuavaluo.com\/avaluo\/wp-json\/wp\/v2\/users\/1"}],"replies":[{"embeddable":true,"href":"https:\/\/tuavaluo.com\/avaluo\/wp-json\/wp\/v2\/comments?post=75601"}],"version-history":[{"count":0,"href":"https:\/\/tuavaluo.com\/avaluo\/wp-json\/wp\/v2\/posts\/75601\/revisions"}],"wp:attachment":[{"href":"https:\/\/tuavaluo.com\/avaluo\/wp-json\/wp\/v2\/media?parent=75601"}],"wp:term":[{"taxonomy":"category","embeddable":true,"href":"https:\/\/tuavaluo.com\/avaluo\/wp-json\/wp\/v2\/categories?post=75601"},{"taxonomy":"post_tag","embeddable":true,"href":"https:\/\/tuavaluo.com\/avaluo\/wp-json\/wp\/v2\/tags?post=75601"}],"curies":[{"name":"wp","href":"https:\/\/api.w.org\/{rel}","templated":true}]}}