{"id":75611,"date":"2024-05-23T08:58:14","date_gmt":"2024-05-23T08:58:14","guid":{"rendered":"https:\/\/tuavaluo.com\/avaluo\/2024\/05\/23\/nestle-renueva-su-direccion-de-comunicacion-y-marketing-en-espana\/"},"modified":"2024-05-23T08:58:14","modified_gmt":"2024-05-23T08:58:14","slug":"nestle-renueva-su-direccion-de-comunicacion-y-marketing-en-espana","status":"publish","type":"post","link":"https:\/\/tuavaluo.com\/avaluo\/2024\/05\/23\/nestle-renueva-su-direccion-de-comunicacion-y-marketing-en-espana\/","title":{"rendered":"Nestl\u00e9 renueva su direcci\u00f3n de Comunicaci\u00f3n y Marketing en Espa\u00f1a"},"content":{"rendered":"<p>Coincidiendo con su salida, la compa\u00f1\u00eda \u00abha apostado por reorganizar estas \u00e1reas clave y reforzarlas dot\u00e1ndolas con una direcci\u00f3n propia para abordar, de forma m\u00e1s espec\u00edfica, los nuevos retos tanto en el \u00e1rea corporativa como en el \u00e1mbito del marketing\u00bb, seg\u00fan ha precisado en un comunicado.<\/p>\n<p>Alberto Vega es ingeniero agr\u00f3nomo de formaci\u00f3n y, despu\u00e9s de <strong>dirigir varias f\u00e1bricas de Nestl\u00e9 en Espa\u00f1a<\/strong>, estaba al frente de las Relaciones Institucionales de la compa\u00f1\u00eda. Ahora, asume la direcci\u00f3n de Comunicaci\u00f3n Corporativa y Relaciones Institucionales, que incluye las \u00e1reas de Gabinete de Prensa, Comunicaci\u00f3n Interna y Eventos.<\/p>\n<p>\u00abEs un honor asumir la Direcci\u00f3n de Comunicaci\u00f3n Corporativa y Relaciones Institucionales y hacerlo ahora, cuando tenemos <strong>tantos desaf\u00edos como oportunidades por delante<\/strong>\u00ab, afirma Alberto Vega.<\/p>\n<p>Por su parte, <strong>Elisa Riboldi se uni\u00f3 a Nestl\u00e9 en 2015<\/strong> como consultora interna en el Innovation Acceleration Team y posteriormente, fue nombrada <strong>directora del negocio de Nutrici\u00f3n Infantil y L\u00e1cteos en Portugal<\/strong>. Previamente a su etapa en Nestl\u00e9, Elisa ocup\u00f3 el cargo de directora de Marketing en empresas como <strong>Procter &amp; Gamble y Kellogg\u2019s<\/strong>.<\/p>\n<p>\u201cNuestra misi\u00f3n es entusiasmar a los consumidores, poniendo sus necesidades en el centro de nuestras decisiones. Por eso, estamos evolucionando la forma en la que creamos las campa\u00f1as con un mayor enfoque en innovaci\u00f3n y creatividad, para ser m\u00e1s efectivos en un panorama de medios cambiante, impulsado por insights, el data y la tecnolog\u00eda. Liderar la direcci\u00f3n de Marketing en estos tiempos tan apasionantes ser\u00e1 una gran aventura\u201d, destaca Elisa Riboldi.<\/p>\n<p>&#013;<br \/>\nSource: Bolsamania.com<\/p>\n","protected":false},"excerpt":{"rendered":"<p>Coincidiendo con su salida, la compa\u00f1\u00eda \u00abha apostado por reorganizar estas \u00e1reas clave y reforzarlas dot\u00e1ndolas con una direcci\u00f3n propia&#8230;<\/p>\n","protected":false},"author":1,"featured_media":0,"comment_status":"open","ping_status":"closed","sticky":false,"template":"","format":"standard","meta":[],"categories":[104],"tags":[99],"_links":{"self":[{"href":"https:\/\/tuavaluo.com\/avaluo\/wp-json\/wp\/v2\/posts\/75611"}],"collection":[{"href":"https:\/\/tuavaluo.com\/avaluo\/wp-json\/wp\/v2\/posts"}],"about":[{"href":"https:\/\/tuavaluo.com\/avaluo\/wp-json\/wp\/v2\/types\/post"}],"author":[{"embeddable":true,"href":"https:\/\/tuavaluo.com\/avaluo\/wp-json\/wp\/v2\/users\/1"}],"replies":[{"embeddable":true,"href":"https:\/\/tuavaluo.com\/avaluo\/wp-json\/wp\/v2\/comments?post=75611"}],"version-history":[{"count":0,"href":"https:\/\/tuavaluo.com\/avaluo\/wp-json\/wp\/v2\/posts\/75611\/revisions"}],"wp:attachment":[{"href":"https:\/\/tuavaluo.com\/avaluo\/wp-json\/wp\/v2\/media?parent=75611"}],"wp:term":[{"taxonomy":"category","embeddable":true,"href":"https:\/\/tuavaluo.com\/avaluo\/wp-json\/wp\/v2\/categories?post=75611"},{"taxonomy":"post_tag","embeddable":true,"href":"https:\/\/tuavaluo.com\/avaluo\/wp-json\/wp\/v2\/tags?post=75611"}],"curies":[{"name":"wp","href":"https:\/\/api.w.org\/{rel}","templated":true}]}}